{"id":1075,"date":"2014-03-11T18:15:29","date_gmt":"2014-03-11T16:15:29","guid":{"rendered":"http:\/\/suchtpraevention-eschwege.de\/?p=1075"},"modified":"2014-03-11T18:24:46","modified_gmt":"2014-03-11T16:24:46","slug":"1075","status":"publish","type":"post","link":"https:\/\/suchtpraevention-eschwege.de\/?p=1075","title":{"rendered":"Sportkreis Werra-Mei\u00dfner wird G\u00fctesiegelpartner"},"content":{"rendered":"<p>Das Ende letzten Jahres gestartete G\u00fctesiegel \u201eWir sind Nachfrager\u201c m\u00f6chte zeigen, dass Jugendschutz mehr sein kann, als die gesetzlichen Bestimmungen umzusetzen. Ziel ist es, unter jungen Menschen einen verantwortungsvollen Umgang mit Alkohol zu f\u00f6rdern. <!--more-->Wir als Erwachsene sind dabei Vorbild und wollen gemeinsam mit den G\u00fctesiegelpartnern unsere Kinder und Jugendlichen sch\u00fctzen. N\u00e4heres zum G\u00fctesiegel finden Sie unter: www.wir-sind-nachfrager.de<br \/>\nAktuell ist der AK G\u00fctesiegel damit besch\u00e4ftigt, das Anliegen und die Ziele des G\u00fctesiegels bei Veranstaltungen in den St\u00e4dten und Gemeinden vorzustellen, um weitere G\u00fctesiegelpartner aus den Bereichen Handel, Vereine, Gastst\u00e4tten und Eventveranstalter zu gewinnen.<\/p>\n<figure id=\"attachment_1076\" class=\"wp-caption alignleft\" style=\"max-width: 300px\"><a href=\"https:\/\/suchtpraevention-eschwege.de\/wp-content\/uploads\/2014\/03\/sportkreis_wmk.jpg\"><img loading=\"lazy\" decoding=\"async\" class=\" wp-image-1076 \" alt=\"sportkreis_wmk\" src=\"https:\/\/suchtpraevention-eschwege.de\/wp-content\/uploads\/2014\/03\/sportkreis_wmk-300x223.jpg\" width=\"300\" height=\"223\" srcset=\"https:\/\/suchtpraevention-eschwege.de\/wp-content\/uploads\/2014\/03\/sportkreis_wmk-300x223.jpg 300w, https:\/\/suchtpraevention-eschwege.de\/wp-content\/uploads\/2014\/03\/sportkreis_wmk-1024x761.jpg 1024w, https:\/\/suchtpraevention-eschwege.de\/wp-content\/uploads\/2014\/03\/sportkreis_wmk.jpg 1656w\" sizes=\"auto, (max-width: 300px) 100vw, 300px\" \/><\/a><figcaption class=\"wp-caption-text\">Von links nach rechts: Markus Claus, Vorsitzender ETSV Eschwege, Harald Nolte, Fachstelle f\u00fcr Suchtpr\u00e4vention, Landrat Stefan Reu\u00df, Siegfried Finkh\u00e4user, Sortkreis Werra-Mei\u00dfner, Jennifer Thomas, Fachstelle f\u00fcr Suchtpr\u00e4vention, Armin Bahl, Jugendf\u00f6rderung Werra-Mei\u00dfner-Kreis<\/figcaption><\/figure>\n<p>In diesem Zusammenhang freut es den Arbeitskreis besonders, den Sportkreis Werra-<br \/>\nMei\u00dfner als G\u00fctesiegelpartner gewonnen zu haben. Denn durch seine Multiplikatorenfunktion und die Vielzahl der Sportvereine im Kreis ist er ein wichtiger Partner bei der Umsetzung des Anliegens.<\/p>\n","protected":false},"excerpt":{"rendered":"<p>Das Ende letzten Jahres gestartete G\u00fctesiegel \u201eWir sind Nachfrager\u201c m\u00f6chte zeigen, dass Jugendschutz mehr sein kann, als die gesetzlichen Bestimmungen umzusetzen. Ziel ist es, unter jungen Menschen einen verantwortungsvollen Umgang mit Alkohol zu f\u00f6rdern.<\/p>\n","protected":false},"author":6,"featured_media":1076,"comment_status":"closed","ping_status":"closed","sticky":false,"template":"","format":"standard","meta":{"footnotes":""},"categories":[1],"tags":[],"class_list":["post-1075","post","type-post","status-publish","format-standard","has-post-thumbnail","hentry","category-allgemein"],"_links":{"self":[{"href":"https:\/\/suchtpraevention-eschwege.de\/index.php?rest_route=\/wp\/v2\/posts\/1075","targetHints":{"allow":["GET"]}}],"collection":[{"href":"https:\/\/suchtpraevention-eschwege.de\/index.php?rest_route=\/wp\/v2\/posts"}],"about":[{"href":"https:\/\/suchtpraevention-eschwege.de\/index.php?rest_route=\/wp\/v2\/types\/post"}],"author":[{"embeddable":true,"href":"https:\/\/suchtpraevention-eschwege.de\/index.php?rest_route=\/wp\/v2\/users\/6"}],"replies":[{"embeddable":true,"href":"https:\/\/suchtpraevention-eschwege.de\/index.php?rest_route=%2Fwp%2Fv2%2Fcomments&post=1075"}],"version-history":[{"count":6,"href":"https:\/\/suchtpraevention-eschwege.de\/index.php?rest_route=\/wp\/v2\/posts\/1075\/revisions"}],"predecessor-version":[{"id":1083,"href":"https:\/\/suchtpraevention-eschwege.de\/index.php?rest_route=\/wp\/v2\/posts\/1075\/revisions\/1083"}],"wp:featuredmedia":[{"embeddable":true,"href":"https:\/\/suchtpraevention-eschwege.de\/index.php?rest_route=\/wp\/v2\/media\/1076"}],"wp:attachment":[{"href":"https:\/\/suchtpraevention-eschwege.de\/index.php?rest_route=%2Fwp%2Fv2%2Fmedia&parent=1075"}],"wp:term":[{"taxonomy":"category","embeddable":true,"href":"https:\/\/suchtpraevention-eschwege.de\/index.php?rest_route=%2Fwp%2Fv2%2Fcategories&post=1075"},{"taxonomy":"post_tag","embeddable":true,"href":"https:\/\/suchtpraevention-eschwege.de\/index.php?rest_route=%2Fwp%2Fv2%2Ftags&post=1075"}],"curies":[{"name":"wp","href":"https:\/\/api.w.org\/{rel}","templated":true}]}}