{"id":1234,"date":"2014-06-17T09:23:35","date_gmt":"2014-06-17T07:23:35","guid":{"rendered":"http:\/\/suchtpraevention-eschwege.de\/?p=1234"},"modified":"2014-07-02T11:19:14","modified_gmt":"2014-07-02T09:19:14","slug":"landesweiter-aktionstag-hart-am-limit-halt","status":"publish","type":"post","link":"https:\/\/suchtpraevention-eschwege.de\/?p=1234","title":{"rendered":"Landesweiter Aktionstag &#8222;Hart am Limit (HaLT)&#8220;"},"content":{"rendered":"<p>Auf Initiative und mit Unterst\u00fctzung der Hessischen Landesstelle f\u00fcr Suchtfragen e.V. (HLS) machten auch dieses Jahr 13 Regionen in Hessen im Rahmen eines hessenweiten Aktionstages am 12. Juni 2014, zeitgleich zum Auftakt der Fu\u00dfball Weltmeisterschaft, den problematischen Alkoholkonsum bei Kindern und Jugendlichen zum Thema.<!--more--><\/p>\n\n\t\t\t<div id='gallery-1234-1' class='gallery gallery-1234'>\n\t\t\t\t<div class='gallery-row gallery-col-3 gallery-clear'>\n\t\t\t\t\t<figure class='gallery-item col-3'>\n\t\t\t\t\t\t<div class='gallery-icon '><a href='https:\/\/suchtpraevention-eschwege.de\/?attachment_id=1239'><img loading=\"lazy\" decoding=\"async\" width=\"150\" height=\"150\" src=\"https:\/\/suchtpraevention-eschwege.de\/wp-content\/uploads\/2014\/06\/IMG_4656-150x150.jpg\" class=\"attachment-thumbnail size-thumbnail\" alt=\"\" \/><\/a><\/div>\n\t\t\t\t\t\t<figcaption class='gallery-caption'>Foto: Neugebauer<\/figcaption>\n\t\t\t\t\t<\/figure>\n\t\t\t\t\t<figure class='gallery-item col-3'>\n\t\t\t\t\t\t<div class='gallery-icon '><a href='https:\/\/suchtpraevention-eschwege.de\/?attachment_id=1243'><img loading=\"lazy\" decoding=\"async\" width=\"150\" height=\"150\" src=\"https:\/\/suchtpraevention-eschwege.de\/wp-content\/uploads\/2014\/06\/IMG_4651-150x150.jpg\" class=\"attachment-thumbnail size-thumbnail\" alt=\"\" \/><\/a><\/div>\n\t\t\t\t\t\t<figcaption class='gallery-caption'>Foto: Neugebauer<\/figcaption>\n\t\t\t\t\t<\/figure>\n\t\t\t\t\t<figure class='gallery-item col-3'>\n\t\t\t\t\t\t<div class='gallery-icon '><a href='https:\/\/suchtpraevention-eschwege.de\/?attachment_id=1244'><img loading=\"lazy\" decoding=\"async\" width=\"150\" height=\"150\" src=\"https:\/\/suchtpraevention-eschwege.de\/wp-content\/uploads\/2014\/06\/IMG_4658-150x150.jpg\" class=\"attachment-thumbnail size-thumbnail\" alt=\"\" \/><\/a><\/div>\n\t\t\t\t\t\t<figcaption class='gallery-caption'>Foto: Neugebauer<\/figcaption>\n\t\t\t\t\t<\/figure>\n\t\t\t\t<\/div>\n\t\t\t\t<div class='gallery-row gallery-col-3 gallery-clear'>\n\t\t\t\t\t<figure class='gallery-item col-3'>\n\t\t\t\t\t\t<div class='gallery-icon '><a href='https:\/\/suchtpraevention-eschwege.de\/?attachment_id=1247'><img loading=\"lazy\" decoding=\"async\" width=\"150\" height=\"150\" src=\"https:\/\/suchtpraevention-eschwege.de\/wp-content\/uploads\/2014\/06\/IMG_4667-150x150.jpg\" class=\"attachment-thumbnail size-thumbnail\" alt=\"\" \/><\/a><\/div>\n\t\t\t\t\t\t<figcaption class='gallery-caption'>Foto: Neugebauer<\/figcaption>\n\t\t\t\t\t<\/figure>\n\t\t\t<\/div>\n\t\t\t<\/div><!-- .gallery -->\n\n<p>Unter dem <strong>Motto \u00bbBeHaLTe einen klaren Kopf \u2013 schie\u00df \u0301 Dich nicht ins Abseits\u00ab<\/strong> wurde von den Fachleuten vor Ort auf die Problematik des riskanten Alkoholkonsums bei Kindern und Jugendlichen hingewiesen. Informationsst\u00e4nde, Mitmach-Aktionen, Quizspiele rund um das Thema Alkohol sowie die regionalen Beratungsangebote standen der Bev\u00f6lkerung zur Verf\u00fcgung.<\/p>\n<p>Im <strong>Werra-Mei\u00dfner-Kreis<\/strong> fand die Aktion in den <strong>Beruflichen Schulen Witzenhausen<\/strong> statt. Es fand ein Torwandschie\u00dfen mit Rauschbrille statt. Der <strong>Runde Tisch Jugendarbeit Witzenhausen verteilte au\u00dferdem die Altersarmb\u00e4ndchen f\u00fcr die anstehenden Feste<\/strong>. Die Jugendlichen konnten sich \u00fcber die Wirkungsweisen von Alkohol informieren und die Fachstelle f\u00fcr Suchthilfe und Pr\u00e4vention des Diakonischen Werks Eschwege\/Witzenhausen sowie den Runden Tisch Jugendarbeit Witzenhausen kennenlernen.<\/p>\n<p><strong><a href=\"https:\/\/suchtpraevention-eschwege.de\/wp-content\/uploads\/2014\/06\/hna-artikel-Ausschnitt_Seite_5_71090.0.pdf\">Presseartikel HNA 13.6.13 <\/a><br \/>\n<\/strong><\/p>\n<p>___________________________________________________________________<\/p>\n<p><strong>Mehr zu HaLT im Werra-Mei\u00dfner-Kreis <a title=\"HaLT Projekt \u2013 Alkoholpr\u00e4vention bei Kindern und Jugendlichen\" href=\"https:\/\/suchtpraevention-eschwege.de\/halt-projekt-alkoholpravention-bei-kindern-und-jugendlichen\/\" target=\"_blank\">&gt;&gt;hier<\/a><\/strong><\/p>\n","protected":false},"excerpt":{"rendered":"<p>Auf Initiative und mit Unterst\u00fctzung der Hessischen Landesstelle f\u00fcr Suchtfragen e.V. (HLS) machten auch dieses Jahr 13 Regionen in Hessen im Rahmen eines hessenweiten Aktionstages am 12. Juni 2014, zeitgleich zum Auftakt der Fu\u00dfball Weltmeisterschaft, den problematischen Alkoholkonsum bei Kindern und Jugendlichen zum Thema.<\/p>\n","protected":false},"author":9,"featured_media":0,"comment_status":"closed","ping_status":"closed","sticky":false,"template":"","format":"standard","meta":{"footnotes":""},"categories":[1],"tags":[],"class_list":["post-1234","post","type-post","status-publish","format-standard","hentry","category-allgemein"],"_links":{"self":[{"href":"https:\/\/suchtpraevention-eschwege.de\/index.php?rest_route=\/wp\/v2\/posts\/1234","targetHints":{"allow":["GET"]}}],"collection":[{"href":"https:\/\/suchtpraevention-eschwege.de\/index.php?rest_route=\/wp\/v2\/posts"}],"about":[{"href":"https:\/\/suchtpraevention-eschwege.de\/index.php?rest_route=\/wp\/v2\/types\/post"}],"author":[{"embeddable":true,"href":"https:\/\/suchtpraevention-eschwege.de\/index.php?rest_route=\/wp\/v2\/users\/9"}],"replies":[{"embeddable":true,"href":"https:\/\/suchtpraevention-eschwege.de\/index.php?rest_route=%2Fwp%2Fv2%2Fcomments&post=1234"}],"version-history":[{"count":4,"href":"https:\/\/suchtpraevention-eschwege.de\/index.php?rest_route=\/wp\/v2\/posts\/1234\/revisions"}],"predecessor-version":[{"id":1255,"href":"https:\/\/suchtpraevention-eschwege.de\/index.php?rest_route=\/wp\/v2\/posts\/1234\/revisions\/1255"}],"wp:attachment":[{"href":"https:\/\/suchtpraevention-eschwege.de\/index.php?rest_route=%2Fwp%2Fv2%2Fmedia&parent=1234"}],"wp:term":[{"taxonomy":"category","embeddable":true,"href":"https:\/\/suchtpraevention-eschwege.de\/index.php?rest_route=%2Fwp%2Fv2%2Fcategories&post=1234"},{"taxonomy":"post_tag","embeddable":true,"href":"https:\/\/suchtpraevention-eschwege.de\/index.php?rest_route=%2Fwp%2Fv2%2Ftags&post=1234"}],"curies":[{"name":"wp","href":"https:\/\/api.w.org\/{rel}","templated":true}]}}