{"id":1293,"date":"2014-08-21T11:13:17","date_gmt":"2014-08-21T09:13:17","guid":{"rendered":"http:\/\/suchtpraevention-eschwege.de\/?p=1293"},"modified":"2014-08-21T11:13:17","modified_gmt":"2014-08-21T09:13:17","slug":"kein-band-kein-alkohol-auf-dem-erntefest-2014-in-bsa","status":"publish","type":"post","link":"https:\/\/suchtpraevention-eschwege.de\/?p=1293","title":{"rendered":"\u201eKein Band, kein Alkohol auf dem Erntefest 2014!&#8220; In BSA"},"content":{"rendered":"<p>Bereits zum dritten Mal wurden wieder Altersarmb\u00e4ndchen an jeweils zwei Tagen unter Vorlage des Ausweises direkt auf dem Erntefest in Bad Sooden-Allendorf an Jugendliche verteilt. Auch in diesem Jahr wollten wieder viele Erwachsene dieses begehrte in rot-blau gehaltene B\u00e4ndchen erwerben<!--more--> und das Projekt unterst\u00fctzen, wof\u00fcr die Erwachsenen auch eine kleine Spende f\u00fcr die Arbeit des Netzwerkes Jugendliche in BSA gaben.<br \/>\n<a href=\"https:\/\/suchtpraevention-eschwege.de\/wp-content\/uploads\/2014\/08\/PICT0327.jpg\"><img loading=\"lazy\" decoding=\"async\" class=\"alignnone size-medium wp-image-1294\" alt=\"DIGITAL CAMERA\" src=\"https:\/\/suchtpraevention-eschwege.de\/wp-content\/uploads\/2014\/08\/PICT0327-300x225.jpg\" width=\"300\" height=\"225\" srcset=\"https:\/\/suchtpraevention-eschwege.de\/wp-content\/uploads\/2014\/08\/PICT0327-300x225.jpg 300w, https:\/\/suchtpraevention-eschwege.de\/wp-content\/uploads\/2014\/08\/PICT0327-1024x768.jpg 1024w, https:\/\/suchtpraevention-eschwege.de\/wp-content\/uploads\/2014\/08\/PICT0327.jpg 1280w\" sizes=\"auto, (max-width: 300px) 100vw, 300px\" \/><\/a>\u00a0\u00a0 <a href=\"https:\/\/suchtpraevention-eschwege.de\/wp-content\/uploads\/2014\/08\/PICT0346.jpg\"><img loading=\"lazy\" decoding=\"async\" class=\"alignnone size-medium wp-image-1297\" alt=\"DIGITAL CAMERA\" src=\"https:\/\/suchtpraevention-eschwege.de\/wp-content\/uploads\/2014\/08\/PICT0346-300x225.jpg\" width=\"300\" height=\"225\" srcset=\"https:\/\/suchtpraevention-eschwege.de\/wp-content\/uploads\/2014\/08\/PICT0346-300x225.jpg 300w, https:\/\/suchtpraevention-eschwege.de\/wp-content\/uploads\/2014\/08\/PICT0346-1024x768.jpg 1024w, https:\/\/suchtpraevention-eschwege.de\/wp-content\/uploads\/2014\/08\/PICT0346.jpg 1280w\" sizes=\"auto, (max-width: 300px) 100vw, 300px\" \/><\/a><\/p>\n<p>Der Runde Tisch Netzwerk Jugendliche in Bad Sooden-Allendorf und die Fachstelle f\u00fcr Suchtpr\u00e4vention des Diakonischen Werkes Eschwege\/Witzenhausen, sowie die Stadt Bad Sooden-Allendorf und der Erntefestausschuss wollten einen verantwortungsvollen und genussvollen Umgang mit Alkohol bei Jugendlichen und Erwachsenen auf dem Erntefest in Bad Sooden-Allendorf f\u00f6rdern. Darunter wird verstanden:<\/p>\n<ul>\n<li><b>Einhaltung des Jugendschutzgesetz (JuSchG)<\/b><\/li>\n<li><b>Angebot attraktiver, alkoholfreier Getr\u00e4nke<\/b><\/li>\n<li><b>Erwachsene \u00fcber<\/b><b>nehmen Verantwortung und <\/b><b>sind Vorbild<\/b><\/li>\n<\/ul>\n<p>In diesem Jahr war auch die <a title=\"JuiceBox \u2013 Mobile alkoholfreie Cocktailbar\" href=\"https:\/\/suchtpraevention-eschwege.de\/2013\/08\/auch-ohne-alkohol-voll-dabei-praeventionsstand-auf-erntefest-in-bsa\/www.juice-box.eu\/\" target=\"_blank\"><strong>JuiceBox \u2013 die mobile alkoholfreie Cocktailbar der Fa<\/strong><\/a><a title=\"JuiceBox \u2013 Mobile alkoholfreie Cocktailbar\" href=\"https:\/\/suchtpraevention-eschwege.de\/2013\/08\/auch-ohne-alkohol-voll-dabei-praeventionsstand-auf-erntefest-in-bsa\/www.juice-box.eu\/\" target=\"_blank\"><strong>chstelle f\u00fcr Suc<\/strong><\/a><a title=\"JuiceBox \u2013 Mobile alkoholfreie Cocktailbar\" href=\"https:\/\/suchtpraevention-eschwege.de\/2013\/08\/auch-ohne-alkohol-voll-dabei-praeventionsstand-auf-erntefest-in-bsa\/www.juice-box.eu\/\" target=\"_blank\"><strong>htpr\u00e4vention<\/strong><\/a>\u00a0 auf dem Erntefest dabei. So konnten sich viele Besucher sich an leckeren Alternativen zum Bier erfreuen.<\/p>\n<p><a href=\"https:\/\/suchtpraevention-eschwege.de\/wp-content\/uploads\/2014\/08\/PICT0338.jpg\"><img loading=\"lazy\" decoding=\"async\" class=\"size-medium wp-image-1296 aligncenter\" alt=\"DIGITAL CAMERA\" src=\"https:\/\/suchtpraevention-eschwege.de\/wp-content\/uploads\/2014\/08\/PICT0338-300x225.jpg\" width=\"300\" height=\"225\" srcset=\"https:\/\/suchtpraevention-eschwege.de\/wp-content\/uploads\/2014\/08\/PICT0338-300x225.jpg 300w, https:\/\/suchtpraevention-eschwege.de\/wp-content\/uploads\/2014\/08\/PICT0338-1024x768.jpg 1024w, https:\/\/suchtpraevention-eschwege.de\/wp-content\/uploads\/2014\/08\/PICT0338.jpg 1280w\" sizes=\"auto, (max-width: 300px) 100vw, 300px\" \/><\/a><\/p>\n<p>Die Initiatoren freuen sich in Bad Sooden-Allendorf eine \u201esch\u00f6ne Fest- und Trinkkultur\u201c in Gang gebracht zu haben und wollen auch im n\u00e4chsten Jahr wieder vor Ort sein, wenn es wieder hei\u00dft: \u201eKein Band, kein Alkohol auf dem Erntefest 2015\u201c.<\/p>\n<p>Der Runde Tisch Netzwerk Jugendliche in Bad Sooden-Allendorf<\/p>\n","protected":false},"excerpt":{"rendered":"<p>Bereits zum dritten Mal wurden wieder Altersarmb\u00e4ndchen an jeweils zwei Tagen unter Vorlage des Ausweises direkt auf dem Erntefest in Bad Sooden-Allendorf an Jugendliche verteilt. Auch in diesem Jahr wollten wieder viele Erwachsene dieses begehrte in rot-blau gehaltene B\u00e4ndchen erwerben<\/p>\n","protected":false},"author":9,"featured_media":1295,"comment_status":"closed","ping_status":"closed","sticky":false,"template":"","format":"standard","meta":{"footnotes":""},"categories":[1],"tags":[],"class_list":["post-1293","post","type-post","status-publish","format-standard","has-post-thumbnail","hentry","category-allgemein"],"_links":{"self":[{"href":"https:\/\/suchtpraevention-eschwege.de\/index.php?rest_route=\/wp\/v2\/posts\/1293","targetHints":{"allow":["GET"]}}],"collection":[{"href":"https:\/\/suchtpraevention-eschwege.de\/index.php?rest_route=\/wp\/v2\/posts"}],"about":[{"href":"https:\/\/suchtpraevention-eschwege.de\/index.php?rest_route=\/wp\/v2\/types\/post"}],"author":[{"embeddable":true,"href":"https:\/\/suchtpraevention-eschwege.de\/index.php?rest_route=\/wp\/v2\/users\/9"}],"replies":[{"embeddable":true,"href":"https:\/\/suchtpraevention-eschwege.de\/index.php?rest_route=%2Fwp%2Fv2%2Fcomments&post=1293"}],"version-history":[{"count":1,"href":"https:\/\/suchtpraevention-eschwege.de\/index.php?rest_route=\/wp\/v2\/posts\/1293\/revisions"}],"predecessor-version":[{"id":1299,"href":"https:\/\/suchtpraevention-eschwege.de\/index.php?rest_route=\/wp\/v2\/posts\/1293\/revisions\/1299"}],"wp:featuredmedia":[{"embeddable":true,"href":"https:\/\/suchtpraevention-eschwege.de\/index.php?rest_route=\/wp\/v2\/media\/1295"}],"wp:attachment":[{"href":"https:\/\/suchtpraevention-eschwege.de\/index.php?rest_route=%2Fwp%2Fv2%2Fmedia&parent=1293"}],"wp:term":[{"taxonomy":"category","embeddable":true,"href":"https:\/\/suchtpraevention-eschwege.de\/index.php?rest_route=%2Fwp%2Fv2%2Fcategories&post=1293"},{"taxonomy":"post_tag","embeddable":true,"href":"https:\/\/suchtpraevention-eschwege.de\/index.php?rest_route=%2Fwp%2Fv2%2Ftags&post=1293"}],"curies":[{"name":"wp","href":"https:\/\/api.w.org\/{rel}","templated":true}]}}