{"id":1328,"date":"2014-10-22T16:03:03","date_gmt":"2014-10-22T14:03:03","guid":{"rendered":"http:\/\/suchtpraevention-eschwege.de\/?p=1328"},"modified":"2014-11-06T13:57:10","modified_gmt":"2014-11-06T11:57:10","slug":"kinder-stark-machen-tagesseminar-des-turngau-werra","status":"publish","type":"post","link":"https:\/\/suchtpraevention-eschwege.de\/?p=1328","title":{"rendered":"Kinder stark machen &#8211; Tagesseminar des Turngau Werra"},"content":{"rendered":"<p>Der Turngau Werra veranstaltete am <b>Sonntag, den 2.11. 2014<\/b> ein eint\u00e4giges Seminar zur Suchtpr\u00e4vention unter dem Titel \u201eKinder stark machen\u201c . Dieses Seminar vermittelte praktische Tipps f\u00fcr den Umgang mit Kindern und Jugendlichen in Gruppen sowie theortische Hintergr\u00fcnde zeitgem\u00e4\u00dfer Suchtpr\u00e4vention. <!--more--><a href=\"https:\/\/suchtpraevention-eschwege.de\/wp-content\/uploads\/2014\/10\/turngau11-2014.jpg\"><img loading=\"lazy\" decoding=\"async\" class=\" wp-image-1343 alignleft\" alt=\"turngau11-2014\" src=\"https:\/\/suchtpraevention-eschwege.de\/wp-content\/uploads\/2014\/10\/turngau11-2014-300x225.jpg\" width=\"300\" height=\"225\" srcset=\"https:\/\/suchtpraevention-eschwege.de\/wp-content\/uploads\/2014\/10\/turngau11-2014-300x225.jpg 300w, https:\/\/suchtpraevention-eschwege.de\/wp-content\/uploads\/2014\/10\/turngau11-2014-1024x768.jpg 1024w, https:\/\/suchtpraevention-eschwege.de\/wp-content\/uploads\/2014\/10\/turngau11-2014.jpg 1280w\" sizes=\"auto, (max-width: 300px) 100vw, 300px\" \/><\/a>Im Zentrum stand die wichtige Rolle, die der Trainer (Betreuer, Jugendleiter, Lehrer, Erzieherin\u2026.) bei der Entwicklung von Selbstvertrauen, Selbstbewusstsein, Kommunikations- und Konfliktf\u00e4higkeit spielt. Diese Kompetenzen tragen n\u00e4mlich dazu bei, dass Kinder sp\u00e4ter nicht (suchtmittel)abh\u00e4ngig werden.<\/p>\n<p>Am Seminar nahmen ca. 15 Teilnehmer aus unterschiedlichen Sportvereinen im Werra-Mei\u00dfner-Kreis teil.<\/p>\n<p>&nbsp;<\/p>\n<p>&nbsp;<\/p>\n","protected":false},"excerpt":{"rendered":"<p>Der Turngau Werra veranstaltete am Sonntag, den 2.11. 2014 ein eint\u00e4giges Seminar zur Suchtpr\u00e4vention unter dem Titel \u201eKinder stark machen\u201c . Dieses Seminar vermittelte praktische Tipps f\u00fcr den Umgang mit Kindern und Jugendlichen in Gruppen sowie theortische Hintergr\u00fcnde zeitgem\u00e4\u00dfer Suchtpr\u00e4vention.<\/p>\n","protected":false},"author":6,"featured_media":1343,"comment_status":"closed","ping_status":"closed","sticky":false,"template":"","format":"standard","meta":{"footnotes":""},"categories":[1],"tags":[],"class_list":["post-1328","post","type-post","status-publish","format-standard","has-post-thumbnail","hentry","category-allgemein"],"_links":{"self":[{"href":"https:\/\/suchtpraevention-eschwege.de\/index.php?rest_route=\/wp\/v2\/posts\/1328","targetHints":{"allow":["GET"]}}],"collection":[{"href":"https:\/\/suchtpraevention-eschwege.de\/index.php?rest_route=\/wp\/v2\/posts"}],"about":[{"href":"https:\/\/suchtpraevention-eschwege.de\/index.php?rest_route=\/wp\/v2\/types\/post"}],"author":[{"embeddable":true,"href":"https:\/\/suchtpraevention-eschwege.de\/index.php?rest_route=\/wp\/v2\/users\/6"}],"replies":[{"embeddable":true,"href":"https:\/\/suchtpraevention-eschwege.de\/index.php?rest_route=%2Fwp%2Fv2%2Fcomments&post=1328"}],"version-history":[{"count":3,"href":"https:\/\/suchtpraevention-eschwege.de\/index.php?rest_route=\/wp\/v2\/posts\/1328\/revisions"}],"predecessor-version":[{"id":1344,"href":"https:\/\/suchtpraevention-eschwege.de\/index.php?rest_route=\/wp\/v2\/posts\/1328\/revisions\/1344"}],"wp:featuredmedia":[{"embeddable":true,"href":"https:\/\/suchtpraevention-eschwege.de\/index.php?rest_route=\/wp\/v2\/media\/1343"}],"wp:attachment":[{"href":"https:\/\/suchtpraevention-eschwege.de\/index.php?rest_route=%2Fwp%2Fv2%2Fmedia&parent=1328"}],"wp:term":[{"taxonomy":"category","embeddable":true,"href":"https:\/\/suchtpraevention-eschwege.de\/index.php?rest_route=%2Fwp%2Fv2%2Fcategories&post=1328"},{"taxonomy":"post_tag","embeddable":true,"href":"https:\/\/suchtpraevention-eschwege.de\/index.php?rest_route=%2Fwp%2Fv2%2Ftags&post=1328"}],"curies":[{"name":"wp","href":"https:\/\/api.w.org\/{rel}","templated":true}]}}