{"id":1347,"date":"2014-12-08T14:07:38","date_gmt":"2014-12-08T12:07:38","guid":{"rendered":"http:\/\/suchtpraevention-eschwege.de\/?p=1347"},"modified":"2014-12-15T18:08:29","modified_gmt":"2014-12-15T16:08:29","slug":"matthias-kaufmann-stiftung-unterstuetzt-das-kreisweite-guetesiegel-wir-sind-nachfrager","status":"publish","type":"post","link":"https:\/\/suchtpraevention-eschwege.de\/?p=1347","title":{"rendered":"Matthias-Kaufmann-Stiftung unterst\u00fctzt das kreisweite G\u00fctesiegel &#8222;Wir sind Nachfrager&#8220;"},"content":{"rendered":"<p>Die\u00a0Initiatoren des G\u00fctesiegels, freuen sich, dass die\u00a0Matthias-Kaufmann-Stiftung das kreisweite <a href=\"http:\/\/www.wir-sind-nachfrager.de\">G\u00fctesiegel &#8222;Wir sind Nachfrager&#8220;<\/a>, mit 500 EUR unterst\u00fctzt. Wir bedanken uns herzlich!<!--more--><\/p>\n<figure id=\"attachment_1351\" class=\"wp-caption alignnone\" style=\"max-width: 300px\"><a href=\"https:\/\/suchtpraevention-eschwege.de\/wp-content\/uploads\/2014\/12\/PICT0429.jpg\"><img loading=\"lazy\" decoding=\"async\" class=\" wp-image-1351\" alt=\"DIGITAL CAMERA\" src=\"https:\/\/suchtpraevention-eschwege.de\/wp-content\/uploads\/2014\/12\/PICT0429-300x225.jpg\" width=\"300\" height=\"225\" srcset=\"https:\/\/suchtpraevention-eschwege.de\/wp-content\/uploads\/2014\/12\/PICT0429-300x225.jpg 300w, https:\/\/suchtpraevention-eschwege.de\/wp-content\/uploads\/2014\/12\/PICT0429-1024x768.jpg 1024w, https:\/\/suchtpraevention-eschwege.de\/wp-content\/uploads\/2014\/12\/PICT0429.jpg 1280w\" sizes=\"auto, (max-width: 300px) 100vw, 300px\" \/><\/a><figcaption class=\"wp-caption-text\">Hintere Reihe: v.l. Klaus Herwig (AOK), Rigobert Gassmann (Vertreter des Kreises kommunaler Jugendarbeit), Maurice Wei\u00df (Aktion Jugend e.V.), J\u00fcrgen Herwig (B\u00fcrgermeister Hessisch Lichtenau), Liesel, Kampmann (Arche e.V.), Gerda Br\u00fcckmann (Arche e.V.), Fritz Kaufmann (Gesch\u00e4ftsf\u00fchrer Matthias- Kaufmann- Stiftung), Sven Born (Jugendf\u00f6rderung Hessisch Lichtenau), Jennifer Thomas (Fachstelle f\u00fcr Suchtpr\u00e4vention), Anna Niebeling (Fachstelle f\u00fcr Suchtpr\u00e4vention)<br \/>Vordere Reihe: v.l. Sascha Brencher (Aktion Jugend e.V.), Natascha Franz (Kreisjugendfeuerwehr Werra- Mei\u00dfner), Roswita Mergard (Feuerwehr Velmeden), Claudia Born (Jugendf\u00f6rderung Hessisch Lichtenau)<\/figcaption><\/figure>\n<p>&nbsp;<\/p>\n","protected":false},"excerpt":{"rendered":"<p>Die\u00a0Initiatoren des G\u00fctesiegels, freuen sich, dass die\u00a0Matthias-Kaufmann-Stiftung das kreisweite G\u00fctesiegel &#8222;Wir sind Nachfrager&#8220;, mit 500 EUR unterst\u00fctzt. Wir bedanken uns herzlich!<\/p>\n","protected":false},"author":9,"featured_media":1351,"comment_status":"closed","ping_status":"closed","sticky":false,"template":"","format":"standard","meta":{"footnotes":""},"categories":[1],"tags":[],"class_list":["post-1347","post","type-post","status-publish","format-standard","has-post-thumbnail","hentry","category-allgemein"],"_links":{"self":[{"href":"https:\/\/suchtpraevention-eschwege.de\/index.php?rest_route=\/wp\/v2\/posts\/1347","targetHints":{"allow":["GET"]}}],"collection":[{"href":"https:\/\/suchtpraevention-eschwege.de\/index.php?rest_route=\/wp\/v2\/posts"}],"about":[{"href":"https:\/\/suchtpraevention-eschwege.de\/index.php?rest_route=\/wp\/v2\/types\/post"}],"author":[{"embeddable":true,"href":"https:\/\/suchtpraevention-eschwege.de\/index.php?rest_route=\/wp\/v2\/users\/9"}],"replies":[{"embeddable":true,"href":"https:\/\/suchtpraevention-eschwege.de\/index.php?rest_route=%2Fwp%2Fv2%2Fcomments&post=1347"}],"version-history":[{"count":3,"href":"https:\/\/suchtpraevention-eschwege.de\/index.php?rest_route=\/wp\/v2\/posts\/1347\/revisions"}],"predecessor-version":[{"id":1361,"href":"https:\/\/suchtpraevention-eschwege.de\/index.php?rest_route=\/wp\/v2\/posts\/1347\/revisions\/1361"}],"wp:featuredmedia":[{"embeddable":true,"href":"https:\/\/suchtpraevention-eschwege.de\/index.php?rest_route=\/wp\/v2\/media\/1351"}],"wp:attachment":[{"href":"https:\/\/suchtpraevention-eschwege.de\/index.php?rest_route=%2Fwp%2Fv2%2Fmedia&parent=1347"}],"wp:term":[{"taxonomy":"category","embeddable":true,"href":"https:\/\/suchtpraevention-eschwege.de\/index.php?rest_route=%2Fwp%2Fv2%2Fcategories&post=1347"},{"taxonomy":"post_tag","embeddable":true,"href":"https:\/\/suchtpraevention-eschwege.de\/index.php?rest_route=%2Fwp%2Fv2%2Ftags&post=1347"}],"curies":[{"name":"wp","href":"https:\/\/api.w.org\/{rel}","templated":true}]}}