{"id":1380,"date":"2015-08-19T11:16:03","date_gmt":"2015-08-19T09:16:03","guid":{"rendered":"http:\/\/suchtpraevention-eschwege.de\/?p=1380"},"modified":"2015-08-19T11:58:04","modified_gmt":"2015-08-19T09:58:04","slug":"soll-ich-wirklich-mit-dem-rauchen-aufhoeren","status":"publish","type":"post","link":"https:\/\/suchtpraevention-eschwege.de\/?p=1380","title":{"rendered":"Soll ich wirklich &#8211; mit dem Rauchen aufh\u00f6ren?"},"content":{"rendered":"<p>Immer wieder stellen sich Raucher die Frage, ob das mit meinem Rauchen noch in Ordnung ist? Der Verstand sagt, dass da etwas ge\u00e4ndert werden sollte. Das Gef\u00fchl sagt, dass das so schon geht. Andere rauchen ja mehr als ich, die paar Zigaretten bringen mich schon nicht um. Dieser Teil des Dialoges ist leider oft die Normalit\u00e4t. Verharmlosen oder Kleinreden, damit das eigene Verhalten ja nicht ge\u00e4ndert werden muss. Was ich habe, kenne ich, vor Neuem f\u00fcrchte ich mich, habe ich Angst.<!--more--><\/p>\n<p><b>Mittwoch, 21.10. &#8211; 09.12.2015\u00a0 jeweils um 19.30 Uhr<br \/>\n<b>Fachstelle f\u00fcr Suchthilfe, Leuchtbergstr. 10b, Eschwege<\/b><br \/>\n<\/b><\/p>\n<p>Mindestens 30 % der Raucherinnen und Raucher in Deutschland wissen, es ist genug, Aufh\u00f6ren w\u00e4re angesagt und \u00fcberlegen sich, wie das anzustellen sei. Stehen sie auch vor dieser Frage? Sind sie sich unsicher und kommen mit der Antwort nicht so richtig klar? Wir unterst\u00fctzen sie dabei.<\/p>\n<p>Rauchfrei &#8211; das Ziel ist der Name f\u00fcr das Programm. Werden sie endlich unabh\u00e4ngig.<br \/>\nZwei Drittel der Menschheit kommt ohne Nikotin aus. Warum nicht auch sie?<br \/>\nHaben wir sie neugierig gemacht?<\/p>\n<p>Die Fachstelle f\u00fcr Suchthilfe und Pr\u00e4vention bietet einen neuen Kurs zur Raucherentw\u00f6hnung an. \u201eDas Rauchfrei Programm\u201c ist eine Anleitung zur verhaltenstherapeutischen \u00c4nderung des Rauchverhaltens. In wissenschaftlichen Untersuchungen weisen sie die h\u00f6chsten Erfolgsquoten f\u00fcr eine dauerhafte Rauchfreiheit auf.<\/p>\n<p>Die Veranstaltung findet in Gruppenform statt, um eine gegenseitige Unterst\u00fctzung beim Aufh\u00f6ren zu gew\u00e4hrleisten.<\/p>\n<p>Die Kursgeb\u00fchr betr\u00e4gt 150 Euro. Die meisten Krankenkassen erstatten unter bestimmten Umst\u00e4nden bis zu 80% der Kosten.<\/p>\n<p>Die Veranstaltung wird in Kooperation mit dem \u00c4rztenetz Werra-Mei\u00dfner-Kreis e.V. und der Abteilung Pneumologie des Klinikums Werra-Mei\u00dfner durchgef\u00fchrt.<\/p>\n<p>Der erste Abend ist noch unverbindlich. Dort erfahren die potentiellen Teilnehmer N\u00e4heres \u00fcber den Hintergrund und den Ablauf des Kurses. F\u00fcr alle, die sich verbindlich bereit erkl\u00e4ren, weiterzumachen, ist es der erste Kursabend.<\/p>\n","protected":false},"excerpt":{"rendered":"<p>Immer wieder stellen sich Raucher die Frage, ob das mit meinem Rauchen noch in Ordnung ist? Der Verstand sagt, dass da etwas ge\u00e4ndert werden sollte. Das Gef\u00fchl sagt, dass das so schon geht. Andere rauchen ja mehr als ich, die paar Zigaretten bringen mich schon nicht um. Dieser Teil des Dialoges ist leider oft die [&hellip;]<\/p>\n","protected":false},"author":6,"featured_media":1313,"comment_status":"closed","ping_status":"closed","sticky":false,"template":"","format":"standard","meta":{"footnotes":""},"categories":[1],"tags":[],"class_list":["post-1380","post","type-post","status-publish","format-standard","has-post-thumbnail","hentry","category-allgemein"],"_links":{"self":[{"href":"https:\/\/suchtpraevention-eschwege.de\/index.php?rest_route=\/wp\/v2\/posts\/1380","targetHints":{"allow":["GET"]}}],"collection":[{"href":"https:\/\/suchtpraevention-eschwege.de\/index.php?rest_route=\/wp\/v2\/posts"}],"about":[{"href":"https:\/\/suchtpraevention-eschwege.de\/index.php?rest_route=\/wp\/v2\/types\/post"}],"author":[{"embeddable":true,"href":"https:\/\/suchtpraevention-eschwege.de\/index.php?rest_route=\/wp\/v2\/users\/6"}],"replies":[{"embeddable":true,"href":"https:\/\/suchtpraevention-eschwege.de\/index.php?rest_route=%2Fwp%2Fv2%2Fcomments&post=1380"}],"version-history":[{"count":3,"href":"https:\/\/suchtpraevention-eschwege.de\/index.php?rest_route=\/wp\/v2\/posts\/1380\/revisions"}],"predecessor-version":[{"id":1522,"href":"https:\/\/suchtpraevention-eschwege.de\/index.php?rest_route=\/wp\/v2\/posts\/1380\/revisions\/1522"}],"wp:featuredmedia":[{"embeddable":true,"href":"https:\/\/suchtpraevention-eschwege.de\/index.php?rest_route=\/wp\/v2\/media\/1313"}],"wp:attachment":[{"href":"https:\/\/suchtpraevention-eschwege.de\/index.php?rest_route=%2Fwp%2Fv2%2Fmedia&parent=1380"}],"wp:term":[{"taxonomy":"category","embeddable":true,"href":"https:\/\/suchtpraevention-eschwege.de\/index.php?rest_route=%2Fwp%2Fv2%2Fcategories&post=1380"},{"taxonomy":"post_tag","embeddable":true,"href":"https:\/\/suchtpraevention-eschwege.de\/index.php?rest_route=%2Fwp%2Fv2%2Ftags&post=1380"}],"curies":[{"name":"wp","href":"https:\/\/api.w.org\/{rel}","templated":true}]}}