{"id":1391,"date":"2015-03-09T12:01:39","date_gmt":"2015-03-09T10:01:39","guid":{"rendered":"http:\/\/suchtpraevention-eschwege.de\/?p=1391"},"modified":"2015-03-09T12:08:46","modified_gmt":"2015-03-09T10:08:46","slug":"jahresbericht-2014-2","status":"publish","type":"post","link":"https:\/\/suchtpraevention-eschwege.de\/?p=1391","title":{"rendered":"Jahresbericht 2014"},"content":{"rendered":"<p><a href=\"https:\/\/suchtpraevention-eschwege.de\/wp-content\/uploads\/2014\/04\/Logo-Diakonie.jpg\"><img loading=\"lazy\" decoding=\"async\" class=\" wp-image-1110 alignleft\" alt=\"Logo Diakonie\" src=\"https:\/\/suchtpraevention-eschwege.de\/wp-content\/uploads\/2014\/04\/Logo-Diakonie-300x89.jpg\" width=\"180\" height=\"53\" srcset=\"https:\/\/suchtpraevention-eschwege.de\/wp-content\/uploads\/2014\/04\/Logo-Diakonie-300x89.jpg 300w, https:\/\/suchtpraevention-eschwege.de\/wp-content\/uploads\/2014\/04\/Logo-Diakonie-1024x304.jpg 1024w, https:\/\/suchtpraevention-eschwege.de\/wp-content\/uploads\/2014\/04\/Logo-Diakonie.jpg 1345w\" sizes=\"auto, (max-width: 180px) 100vw, 180px\" \/><\/a>\u201eWer sich heute nicht die Zeit nimmt, seine Gesundheit zu pflegen, muss sich morgen\u00a0 die Zeit nehmen, seine Krankheit zu heilen.\u201c von Konfuzius<\/p>\n<p>Mit dem\u00a0<a href=\"https:\/\/suchtpraevention-eschwege.de\/wp-content\/uploads\/2015\/03\/Jahresbericht-2014-webversion.pdf\">Jahresbericht 2014<\/a> von der Fachstelle f\u00fcr Suchtpr\u00e4vention wollen wir Sie \u00fcber unsere Projekte im letzten Jahr informieren.<\/p>\n<p><!--more--><\/p>\n<p>Folgende Inhalte werden vorgestellt:<\/p>\n<ul>\n<li>Berichte von HaLT -Hart am Limit- Projekten<\/li>\n<li>Krankenhaus Einlieferungszahlen<\/li>\n<li>Proaktiver Baustein<\/li>\n<li>Kreisweites G\u00fctesiegel &#8222;Wir sind Nachfrager&#8220;<\/li>\n<li>Hessenweiter Aktionstag HaLT<\/li>\n<li>Schulworkshops<\/li>\n<li>Open Flair<\/li>\n<li>Kinder stark machen<\/li>\n<li>Exzessiver Medienkonsum<\/li>\n<li>Juice-Box \u2013 mobile alkoholfreie Cocktailbar<\/li>\n<\/ul>\n<p>Zu finden im <a href=\"https:\/\/suchtpraevention-eschwege.de\/downloads\/\">Downloadbereich<\/a>.<\/p>\n","protected":false},"excerpt":{"rendered":"<p>\u201eWer sich heute nicht die Zeit nimmt, seine Gesundheit zu pflegen, muss sich morgen\u00a0 die Zeit nehmen, seine Krankheit zu heilen.\u201c von Konfuzius Mit dem\u00a0Jahresbericht 2014 von der Fachstelle f\u00fcr Suchtpr\u00e4vention wollen wir Sie \u00fcber unsere Projekte im letzten Jahr informieren.<\/p>\n","protected":false},"author":9,"featured_media":0,"comment_status":"closed","ping_status":"closed","sticky":false,"template":"","format":"standard","meta":{"footnotes":""},"categories":[1],"tags":[],"class_list":["post-1391","post","type-post","status-publish","format-standard","hentry","category-allgemein"],"_links":{"self":[{"href":"https:\/\/suchtpraevention-eschwege.de\/index.php?rest_route=\/wp\/v2\/posts\/1391","targetHints":{"allow":["GET"]}}],"collection":[{"href":"https:\/\/suchtpraevention-eschwege.de\/index.php?rest_route=\/wp\/v2\/posts"}],"about":[{"href":"https:\/\/suchtpraevention-eschwege.de\/index.php?rest_route=\/wp\/v2\/types\/post"}],"author":[{"embeddable":true,"href":"https:\/\/suchtpraevention-eschwege.de\/index.php?rest_route=\/wp\/v2\/users\/9"}],"replies":[{"embeddable":true,"href":"https:\/\/suchtpraevention-eschwege.de\/index.php?rest_route=%2Fwp%2Fv2%2Fcomments&post=1391"}],"version-history":[{"count":3,"href":"https:\/\/suchtpraevention-eschwege.de\/index.php?rest_route=\/wp\/v2\/posts\/1391\/revisions"}],"predecessor-version":[{"id":1395,"href":"https:\/\/suchtpraevention-eschwege.de\/index.php?rest_route=\/wp\/v2\/posts\/1391\/revisions\/1395"}],"wp:attachment":[{"href":"https:\/\/suchtpraevention-eschwege.de\/index.php?rest_route=%2Fwp%2Fv2%2Fmedia&parent=1391"}],"wp:term":[{"taxonomy":"category","embeddable":true,"href":"https:\/\/suchtpraevention-eschwege.de\/index.php?rest_route=%2Fwp%2Fv2%2Fcategories&post=1391"},{"taxonomy":"post_tag","embeddable":true,"href":"https:\/\/suchtpraevention-eschwege.de\/index.php?rest_route=%2Fwp%2Fv2%2Ftags&post=1391"}],"curies":[{"name":"wp","href":"https:\/\/api.w.org\/{rel}","templated":true}]}}