{"id":1724,"date":"2016-07-27T11:54:39","date_gmt":"2016-07-27T09:54:39","guid":{"rendered":"http:\/\/suchtpraevention-eschwege.de\/?p=1724"},"modified":"2016-08-22T12:11:19","modified_gmt":"2016-08-22T10:11:19","slug":"wir-sind-nachfrager-startet-plakatkampagne-in-eschwege","status":"publish","type":"post","link":"https:\/\/suchtpraevention-eschwege.de\/?p=1724","title":{"rendered":"&#8222;Wir sind Nachfrager&#8220; startet Plakatkampagne in Eschwege"},"content":{"rendered":"<p>Nach monaterlanger Planung, Shootings und Co. ist das Plakat f\u00fcr Eschwege gestern im Rahmen einer Presseveranstaltung im Eschweger Rathaus offiziell vorgestellt worden.<\/p>\n<p><strong>Der Kampagne ein Gesicht geben<\/strong><\/p>\n<p>Beim Erfahrungsaustausch zum G\u00fctesiegel letzten November wurde angeregt, eine Testimonial-Kampagne zu starten, bei der die Kontaktpersonen\/Mitarbeiter der G\u00fctesiegelpartner mit Statements: \u201eWir sind Nachfrager, weil \u2026\u201c abgebildet werden.<\/p>\n<p><!--more--><\/p>\n<p>Der Arbeitskreis \u201eG\u00fctesiegel\u201c, hat diese Anregung im Fr\u00fchjahr mit dem Ziel umgesetzt, das G\u00fctesiegel \u201eWir sind Nachfrager\u201c zu aktualisieren. In Zusammenarbeit mit der Agentur Schellenberger f\u00fcr Werbung, Fotografie und Drucksachen, wurde eine Plakatkampagne realisiert, die sechs der Eschweger G\u00fctesiegelpartner abbildet und somit dem G\u00fctesiegel konkrete Gesichter gibt.<\/p>\n<p><a href=\"https:\/\/suchtpraevention-eschwege.de\/wp-content\/uploads\/2016\/07\/WirsindNachfrager_2016_Plakat_DINA1_V6-page-0011.jpg\"><img loading=\"lazy\" decoding=\"async\" class=\"alignnone wp-image-1726\" src=\"https:\/\/suchtpraevention-eschwege.de\/wp-content\/uploads\/2016\/07\/WirsindNachfrager_2016_Plakat_DINA1_V6-page-0011.jpg\" alt=\"WirsindNachfrager_2016_Plakat_DINA1_V6-page-001\" width=\"695\" height=\"981\" \/><\/a><\/p>\n<p>Dazu wurden die G\u00fctesiegelpartner im Fotostudio der Agentur abgelichtet und den Fotos kurze, pr\u00e4gnante Slogans zugeordnet, die die Motivation der jeweiligen Partner auf den Punkt bringt. <strong>Die Plakate sollen f\u00fcr das G\u00fctesiegel werben, dem Betrachter die Intentionen des G\u00fctesiegels verdeutlichen und identit\u00e4tsstiftend sein<\/strong>.<\/p>\n<p>Hierbei ist der \u00f6rtliche Bezug wichtig und \u201ebekannte\u201c Personen abzubilden. Wir erhoffen uns, durch diese Plakatkampagne <strong>neue \u201eNachfrager\u201c gewinnen zu k\u00f6nnen<\/strong> und die Bekanntheit des G\u00fctesiegels im Werra-Mei\u00dfner-Kreis zu steigern.Die Resonanz auf die Entwicklung einer Plakatkampagne war seitens der G\u00fctesiegelpartner sehr positiv.<\/p>\n<figure id=\"attachment_1735\" class=\"wp-caption alignnone\" style=\"max-width: 614px\"><a href=\"https:\/\/suchtpraevention-eschwege.de\/wp-content\/uploads\/2016\/07\/esw_WR_LOKALES_20160726_16_35_44_001_jpg1.jpg\"><img loading=\"lazy\" decoding=\"async\" class=\" wp-image-1735\" src=\"https:\/\/suchtpraevention-eschwege.de\/wp-content\/uploads\/2016\/07\/esw_WR_LOKALES_20160726_16_35_44_001_jpg1.jpg\" alt=\"Kampagne Wir sind Nachfrager neuer Baustein gegen Alkoholmissbrauch neues Plakat\" width=\"614\" height=\"411\" \/><\/a><figcaption class=\"wp-caption-text\">Die Initiatoren des Projektes gemeinsam mit den G\u00fctesiegelpartnern des neuen Plakats (Foto:Constanze W\u00fcstefeld)<\/figcaption><\/figure>\n<p>Zun\u00e4chst ist die Kampagne auf den Raum Eschwege beschr\u00e4nkt, kann jedoch bei positiver R\u00fcckmeldungen auch auf andere Kreise oder St\u00e4dte z.B. Sontra ausgeweitet werden. Neben dem Werra-Mei\u00dfner-Kreis, der Stadt Eschwege und dem Diakonischen Werk danken wir insbesondere der AOK Hessen und der Sparkasse Werra-Mei\u00dfner f\u00fcr ihre gro\u00dfz\u00fcgige finanzielle Unterst\u00fctzung speziell dieser Plakatkampagne. Ohne diese Unterst\u00fctzung w\u00e4re das Vorhaben nicht umsetzbar gewesen.<\/p>\n","protected":false},"excerpt":{"rendered":"<p>Nach monaterlanger Planung, Shootings und Co. ist das Plakat f\u00fcr Eschwege gestern im Rahmen einer Presseveranstaltung im Eschweger Rathaus offiziell vorgestellt worden. Der Kampagne ein Gesicht geben Beim Erfahrungsaustausch zum G\u00fctesiegel letzten November wurde angeregt, eine Testimonial-Kampagne zu starten, bei der die Kontaktpersonen\/Mitarbeiter der G\u00fctesiegelpartner mit Statements: \u201eWir sind Nachfrager, weil \u2026\u201c abgebildet werden.<\/p>\n","protected":false},"author":6,"featured_media":1735,"comment_status":"closed","ping_status":"closed","sticky":false,"template":"","format":"standard","meta":{"footnotes":""},"categories":[11,1,19],"tags":[],"class_list":["post-1724","post","type-post","status-publish","format-standard","has-post-thumbnail","hentry","category-alkoholpravention","category-allgemein","category-halt-hart-am-limit"],"_links":{"self":[{"href":"https:\/\/suchtpraevention-eschwege.de\/index.php?rest_route=\/wp\/v2\/posts\/1724","targetHints":{"allow":["GET"]}}],"collection":[{"href":"https:\/\/suchtpraevention-eschwege.de\/index.php?rest_route=\/wp\/v2\/posts"}],"about":[{"href":"https:\/\/suchtpraevention-eschwege.de\/index.php?rest_route=\/wp\/v2\/types\/post"}],"author":[{"embeddable":true,"href":"https:\/\/suchtpraevention-eschwege.de\/index.php?rest_route=\/wp\/v2\/users\/6"}],"replies":[{"embeddable":true,"href":"https:\/\/suchtpraevention-eschwege.de\/index.php?rest_route=%2Fwp%2Fv2%2Fcomments&post=1724"}],"version-history":[{"count":4,"href":"https:\/\/suchtpraevention-eschwege.de\/index.php?rest_route=\/wp\/v2\/posts\/1724\/revisions"}],"predecessor-version":[{"id":1736,"href":"https:\/\/suchtpraevention-eschwege.de\/index.php?rest_route=\/wp\/v2\/posts\/1724\/revisions\/1736"}],"wp:featuredmedia":[{"embeddable":true,"href":"https:\/\/suchtpraevention-eschwege.de\/index.php?rest_route=\/wp\/v2\/media\/1735"}],"wp:attachment":[{"href":"https:\/\/suchtpraevention-eschwege.de\/index.php?rest_route=%2Fwp%2Fv2%2Fmedia&parent=1724"}],"wp:term":[{"taxonomy":"category","embeddable":true,"href":"https:\/\/suchtpraevention-eschwege.de\/index.php?rest_route=%2Fwp%2Fv2%2Fcategories&post=1724"},{"taxonomy":"post_tag","embeddable":true,"href":"https:\/\/suchtpraevention-eschwege.de\/index.php?rest_route=%2Fwp%2Fv2%2Ftags&post=1724"}],"curies":[{"name":"wp","href":"https:\/\/api.w.org\/{rel}","templated":true}]}}