{"id":1784,"date":"2016-08-22T16:35:37","date_gmt":"2016-08-22T14:35:37","guid":{"rendered":"http:\/\/suchtpraevention-eschwege.de\/?p=1784"},"modified":"2016-08-23T11:24:05","modified_gmt":"2016-08-23T09:24:05","slug":"sucht-im-alter-vortrag-am-07-09-2016","status":"publish","type":"post","link":"https:\/\/suchtpraevention-eschwege.de\/?p=1784","title":{"rendered":"Sucht im Alter &#8211; Vortrag am 07.09.2016"},"content":{"rendered":"<p>Sucht im Alter \u2013 ein Vortrag von Frau Dr. med. Beate Hahne,<br \/>\nChef\u00e4rztin des Zentrums f\u00fcr Psychiatrie &amp; Psychotherapie sowie der Abteilung Interdisziplin\u00e4re Altersmedizin-Schwerpunkt Gerontopsychiatrie, Klinikum Werra-Mei\u00dfner<\/p>\n<p><!--more--><\/p>\n<p>Dienstag, 07.09.2016 um 15.00 Uhr<\/p>\n<p>Sitzungsaal 2 des Werra-Mei\u00dfner-Kreises An den Anlagen 1 in Eschwege<\/p>\n<p>Veranstalter: Sucht-AG des Werra-Mei\u00dfner-Kreises<br \/>\n<a href=\"https:\/\/suchtpraevention-eschwege.de\/wp-content\/uploads\/2016\/08\/sucht_alter_1.jpg\"><img loading=\"lazy\" decoding=\"async\" class=\"alignnone size-medium wp-image-1785\" src=\"https:\/\/suchtpraevention-eschwege.de\/wp-content\/uploads\/2016\/08\/sucht_alter_1-300x217.jpg\" alt=\"sucht_alter_1\" width=\"300\" height=\"217\" srcset=\"https:\/\/suchtpraevention-eschwege.de\/wp-content\/uploads\/2016\/08\/sucht_alter_1-300x217.jpg 300w, https:\/\/suchtpraevention-eschwege.de\/wp-content\/uploads\/2016\/08\/sucht_alter_1.jpg 605w\" sizes=\"auto, (max-width: 300px) 100vw, 300px\" \/><\/a><\/p>\n<p>Um Anmeldung wird gebeten:<br \/>\nBritta Salewski, Fachbereich Gesundheit: 05651\/959220<br \/>\n<a href=\"https:\/\/suchtpraevention-eschwege.de\/wp-content\/uploads\/2016\/08\/Anmeldeformular.pdf\">Anmeldeformular<\/a><\/p>\n","protected":false},"excerpt":{"rendered":"<p>Sucht im Alter \u2013 ein Vortrag von Frau Dr. med. Beate Hahne, Chef\u00e4rztin des Zentrums f\u00fcr Psychiatrie &amp; Psychotherapie sowie der Abteilung Interdisziplin\u00e4re Altersmedizin-Schwerpunkt Gerontopsychiatrie, Klinikum Werra-Mei\u00dfner<\/p>\n","protected":false},"author":6,"featured_media":1785,"comment_status":"closed","ping_status":"closed","sticky":false,"template":"","format":"standard","meta":{"footnotes":""},"categories":[1],"tags":[],"class_list":["post-1784","post","type-post","status-publish","format-standard","has-post-thumbnail","hentry","category-allgemein"],"_links":{"self":[{"href":"https:\/\/suchtpraevention-eschwege.de\/index.php?rest_route=\/wp\/v2\/posts\/1784","targetHints":{"allow":["GET"]}}],"collection":[{"href":"https:\/\/suchtpraevention-eschwege.de\/index.php?rest_route=\/wp\/v2\/posts"}],"about":[{"href":"https:\/\/suchtpraevention-eschwege.de\/index.php?rest_route=\/wp\/v2\/types\/post"}],"author":[{"embeddable":true,"href":"https:\/\/suchtpraevention-eschwege.de\/index.php?rest_route=\/wp\/v2\/users\/6"}],"replies":[{"embeddable":true,"href":"https:\/\/suchtpraevention-eschwege.de\/index.php?rest_route=%2Fwp%2Fv2%2Fcomments&post=1784"}],"version-history":[{"count":2,"href":"https:\/\/suchtpraevention-eschwege.de\/index.php?rest_route=\/wp\/v2\/posts\/1784\/revisions"}],"predecessor-version":[{"id":1789,"href":"https:\/\/suchtpraevention-eschwege.de\/index.php?rest_route=\/wp\/v2\/posts\/1784\/revisions\/1789"}],"wp:featuredmedia":[{"embeddable":true,"href":"https:\/\/suchtpraevention-eschwege.de\/index.php?rest_route=\/wp\/v2\/media\/1785"}],"wp:attachment":[{"href":"https:\/\/suchtpraevention-eschwege.de\/index.php?rest_route=%2Fwp%2Fv2%2Fmedia&parent=1784"}],"wp:term":[{"taxonomy":"category","embeddable":true,"href":"https:\/\/suchtpraevention-eschwege.de\/index.php?rest_route=%2Fwp%2Fv2%2Fcategories&post=1784"},{"taxonomy":"post_tag","embeddable":true,"href":"https:\/\/suchtpraevention-eschwege.de\/index.php?rest_route=%2Fwp%2Fv2%2Ftags&post=1784"}],"curies":[{"name":"wp","href":"https:\/\/api.w.org\/{rel}","templated":true}]}}