{"id":1836,"date":"2016-10-12T15:11:04","date_gmt":"2016-10-12T13:11:04","guid":{"rendered":"http:\/\/suchtpraevention-eschwege.de\/?p=1836"},"modified":"2016-10-12T15:11:04","modified_gmt":"2016-10-12T13:11:04","slug":"eschweger-grasgefluester","status":"publish","type":"post","link":"https:\/\/suchtpraevention-eschwege.de\/?p=1836","title":{"rendered":"Eschweger Grasgefl\u00fcster"},"content":{"rendered":"<p>Fachtagung zur Legalisierungsdebatte des nichtmedizinischen Cannabiskonsums<\/p>\n<p>Cannabis \u2013 Haschisch \u2013 Gras \u2013 eine \u201eweiche Droge\u201c, die in weiten Teilen der Bev\u00f6lkerung konsumiert wird \u2013 und an der sich die Geister scheiden. Die Diskussion hat wieder einmal die politische Ebene erreicht. Auf der einen Seite nimmt die Zahl der Bef\u00fcrworter einer Liberalisierung zu, auf der anderen Seite werden individuelle und gesellschaftliche Negativfolgen gef\u00fcrchtet.<\/p>\n<p>Immer lauter werden derzeit Stimmen, die f\u00fcr eine \u00c4nderung des Strafrechts pl\u00e4dieren mit der Begr\u00fcndung, dass die Prohibition ihr Ziel verfehlt habe.<br \/>\n<!--more--><br \/>\nGleichzeitig ist nicht von der Hand zu weisen, dass auch Nutzer von Cannabis gesundheitliche Risiken bis hin zu einer Abh\u00e4ngigkeitsentwicklung eingehen. Diese zeigen sich besonders in der ansteigenden Zahl der Klientinnen und Klienten in den Suchtberatungsstellen.<\/p>\n<p>Dieser Problematik widmen wir diese Fachtagung. Wir m\u00f6chten einen aktuellen Gesamt\u00fcberblick \u00fcber die Diskussion zur Legalisierungsdebatte des nichtmedizinischen Cannabis-Konsums unter Einbeziehung unterschiedlicher Sichtweisen geben, um in einen aktuellen Risikoabw\u00e4gungsprozess zu kommen.<br \/>\nWir laden Fachkr\u00e4fte aus den Bereichen Schule, Sucht- und Drogenhilfe, Gesundheitswesen, Politik, Kirche, Jugendarbeit sowie Polizei und Justiz ein. Ebenso sind interessierte Eltern herzlich willkommen.<\/p>\n<p>Mittwoch, 30.11.2016<\/p>\n<p>14.00 \u2013 19.00 Uhr<\/p>\n<p>Club-R\u00e4ume Stadthalle Eschwege<\/p>\n<p>Tagungsbeitrag: 8,00 Euro.<\/p>\n<p>Um Anmeldung bis 11.11.2016 wird gebeten.<\/p>\n<p><a href=\"https:\/\/suchtpraevention-eschwege.de\/wp-content\/uploads\/2016\/10\/Logo_klein.jpg\"><img loading=\"lazy\" decoding=\"async\" class=\"alignnone size-medium wp-image-1837\" src=\"https:\/\/suchtpraevention-eschwege.de\/wp-content\/uploads\/2016\/10\/Logo_klein-300x87.jpg\" alt=\"logo_klein\" width=\"300\" height=\"87\" srcset=\"https:\/\/suchtpraevention-eschwege.de\/wp-content\/uploads\/2016\/10\/Logo_klein-300x87.jpg 300w, https:\/\/suchtpraevention-eschwege.de\/wp-content\/uploads\/2016\/10\/Logo_klein.jpg 330w\" sizes=\"auto, (max-width: 300px) 100vw, 300px\" \/><\/a><\/p>\n","protected":false},"excerpt":{"rendered":"<p>Fachtagung zur Legalisierungsdebatte des nichtmedizinischen Cannabiskonsums Cannabis \u2013 Haschisch \u2013 Gras \u2013 eine \u201eweiche Droge\u201c, die in weiten Teilen der Bev\u00f6lkerung konsumiert wird \u2013 und an der sich die Geister scheiden. Die Diskussion hat wieder einmal die politische Ebene erreicht. Auf der einen Seite nimmt die Zahl der Bef\u00fcrworter einer Liberalisierung zu, auf der anderen [&hellip;]<\/p>\n","protected":false},"author":6,"featured_media":0,"comment_status":"closed","ping_status":"closed","sticky":false,"template":"","format":"standard","meta":{"footnotes":""},"categories":[1],"tags":[],"class_list":["post-1836","post","type-post","status-publish","format-standard","hentry","category-allgemein"],"_links":{"self":[{"href":"https:\/\/suchtpraevention-eschwege.de\/index.php?rest_route=\/wp\/v2\/posts\/1836","targetHints":{"allow":["GET"]}}],"collection":[{"href":"https:\/\/suchtpraevention-eschwege.de\/index.php?rest_route=\/wp\/v2\/posts"}],"about":[{"href":"https:\/\/suchtpraevention-eschwege.de\/index.php?rest_route=\/wp\/v2\/types\/post"}],"author":[{"embeddable":true,"href":"https:\/\/suchtpraevention-eschwege.de\/index.php?rest_route=\/wp\/v2\/users\/6"}],"replies":[{"embeddable":true,"href":"https:\/\/suchtpraevention-eschwege.de\/index.php?rest_route=%2Fwp%2Fv2%2Fcomments&post=1836"}],"version-history":[{"count":1,"href":"https:\/\/suchtpraevention-eschwege.de\/index.php?rest_route=\/wp\/v2\/posts\/1836\/revisions"}],"predecessor-version":[{"id":1838,"href":"https:\/\/suchtpraevention-eschwege.de\/index.php?rest_route=\/wp\/v2\/posts\/1836\/revisions\/1838"}],"wp:attachment":[{"href":"https:\/\/suchtpraevention-eschwege.de\/index.php?rest_route=%2Fwp%2Fv2%2Fmedia&parent=1836"}],"wp:term":[{"taxonomy":"category","embeddable":true,"href":"https:\/\/suchtpraevention-eschwege.de\/index.php?rest_route=%2Fwp%2Fv2%2Fcategories&post=1836"},{"taxonomy":"post_tag","embeddable":true,"href":"https:\/\/suchtpraevention-eschwege.de\/index.php?rest_route=%2Fwp%2Fv2%2Ftags&post=1836"}],"curies":[{"name":"wp","href":"https:\/\/api.w.org\/{rel}","templated":true}]}}