{"id":1948,"date":"2017-06-22T16:21:50","date_gmt":"2017-06-22T14:21:50","guid":{"rendered":"http:\/\/suchtpraevention-eschwege.de\/?p=1948"},"modified":"2017-06-22T16:21:50","modified_gmt":"2017-06-22T14:21:50","slug":"ausstellung-im-ehemaligen-lichthaus-gruening","status":"publish","type":"post","link":"https:\/\/suchtpraevention-eschwege.de\/?p=1948","title":{"rendered":"Ausstellung im ehemaligen Lichthaus Gr\u00fcning"},"content":{"rendered":"<p>F\u00fcr drei Wochen steht eine Ausstellung der Fachstelle f\u00fcr Suchthilfe und Pr\u00e4vention im Schaufenster des ehemaligen Lichthauses Gr\u00fcning an der Ecke Gebr\u00fcderstra\u00dfe in Eschwege. Mit freundlicher Genehmigung von Jochen Gr\u00fcning konnten wir dort eine Ausstellung verschiedener Elemente um das Thema Sucht und Abh\u00e4ngigkeit sowie Pr\u00e4vention aufbauen.<!--more-->Im Einzelnen sind es Plakate aus dem schweizer Zyklus &#8222;Sucht hat viele Ursachen&#8220;<\/p>\n<p>Karikaturen aus einem Sch\u00fclerwettbewerbs des Studienkreises<\/p>\n<p>Elemente des Mitmachparcours &#8222;Sinn-voll leben&#8220; der Fachstelle f\u00fcr Suchthilfe und Pr\u00e4vention Eschwege<\/p>\n\n\t\t\t<div id='gallery-1948-1' class='gallery gallery-1948'>\n\t\t\t\t<div class='gallery-row gallery-col-3 gallery-clear'>\n\t\t\t\t\t<figure class='gallery-item col-3'>\n\t\t\t\t\t\t<div class='gallery-icon '><a href='https:\/\/suchtpraevention-eschwege.de\/?attachment_id=1949'><img loading=\"lazy\" decoding=\"async\" width=\"150\" height=\"150\" src=\"https:\/\/suchtpraevention-eschwege.de\/wp-content\/uploads\/2017\/06\/20170621_084722_resized-150x150.jpg\" class=\"attachment-thumbnail size-thumbnail\" alt=\"\" \/><\/a><\/div>\n\t\t\t\t\t<\/figure>\n\t\t\t\t\t<figure class='gallery-item col-3'>\n\t\t\t\t\t\t<div class='gallery-icon '><a href='https:\/\/suchtpraevention-eschwege.de\/?attachment_id=1951'><img loading=\"lazy\" decoding=\"async\" width=\"150\" height=\"150\" src=\"https:\/\/suchtpraevention-eschwege.de\/wp-content\/uploads\/2017\/06\/20170621_084830_resized-150x150.jpg\" class=\"attachment-thumbnail size-thumbnail\" alt=\"\" \/><\/a><\/div>\n\t\t\t\t\t<\/figure>\n\t\t\t\t\t<figure class='gallery-item col-3'>\n\t\t\t\t\t\t<div class='gallery-icon '><a href='https:\/\/suchtpraevention-eschwege.de\/?attachment_id=1950'><img loading=\"lazy\" decoding=\"async\" width=\"150\" height=\"150\" src=\"https:\/\/suchtpraevention-eschwege.de\/wp-content\/uploads\/2017\/06\/20170621_084759_resized-150x150.jpg\" class=\"attachment-thumbnail size-thumbnail\" alt=\"\" \/><\/a><\/div>\n\t\t\t\t\t<\/figure>\n\t\t\t\t<\/div>\n\t\t\t<\/div><!-- .gallery -->\n\n","protected":false},"excerpt":{"rendered":"<p>F\u00fcr drei Wochen steht eine Ausstellung der Fachstelle f\u00fcr Suchthilfe und Pr\u00e4vention im Schaufenster des ehemaligen Lichthauses Gr\u00fcning an der Ecke Gebr\u00fcderstra\u00dfe in Eschwege. Mit freundlicher Genehmigung von Jochen Gr\u00fcning konnten wir dort eine Ausstellung verschiedener Elemente um das Thema Sucht und Abh\u00e4ngigkeit sowie Pr\u00e4vention aufbauen.<\/p>\n","protected":false},"author":6,"featured_media":1949,"comment_status":"closed","ping_status":"closed","sticky":false,"template":"","format":"standard","meta":{"footnotes":""},"categories":[1],"tags":[],"class_list":["post-1948","post","type-post","status-publish","format-standard","has-post-thumbnail","hentry","category-allgemein"],"_links":{"self":[{"href":"https:\/\/suchtpraevention-eschwege.de\/index.php?rest_route=\/wp\/v2\/posts\/1948","targetHints":{"allow":["GET"]}}],"collection":[{"href":"https:\/\/suchtpraevention-eschwege.de\/index.php?rest_route=\/wp\/v2\/posts"}],"about":[{"href":"https:\/\/suchtpraevention-eschwege.de\/index.php?rest_route=\/wp\/v2\/types\/post"}],"author":[{"embeddable":true,"href":"https:\/\/suchtpraevention-eschwege.de\/index.php?rest_route=\/wp\/v2\/users\/6"}],"replies":[{"embeddable":true,"href":"https:\/\/suchtpraevention-eschwege.de\/index.php?rest_route=%2Fwp%2Fv2%2Fcomments&post=1948"}],"version-history":[{"count":1,"href":"https:\/\/suchtpraevention-eschwege.de\/index.php?rest_route=\/wp\/v2\/posts\/1948\/revisions"}],"predecessor-version":[{"id":1952,"href":"https:\/\/suchtpraevention-eschwege.de\/index.php?rest_route=\/wp\/v2\/posts\/1948\/revisions\/1952"}],"wp:featuredmedia":[{"embeddable":true,"href":"https:\/\/suchtpraevention-eschwege.de\/index.php?rest_route=\/wp\/v2\/media\/1949"}],"wp:attachment":[{"href":"https:\/\/suchtpraevention-eschwege.de\/index.php?rest_route=%2Fwp%2Fv2%2Fmedia&parent=1948"}],"wp:term":[{"taxonomy":"category","embeddable":true,"href":"https:\/\/suchtpraevention-eschwege.de\/index.php?rest_route=%2Fwp%2Fv2%2Fcategories&post=1948"},{"taxonomy":"post_tag","embeddable":true,"href":"https:\/\/suchtpraevention-eschwege.de\/index.php?rest_route=%2Fwp%2Fv2%2Ftags&post=1948"}],"curies":[{"name":"wp","href":"https:\/\/api.w.org\/{rel}","templated":true}]}}