{"id":1976,"date":"2017-09-04T14:57:16","date_gmt":"2017-09-04T12:57:16","guid":{"rendered":"http:\/\/suchtpraevention-eschwege.de\/?p=1976"},"modified":"2017-09-04T14:59:42","modified_gmt":"2017-09-04T12:59:42","slug":"das-guetesiegel-wir-sind-nachfrager-bekommt-einen-imageclip","status":"publish","type":"post","link":"https:\/\/suchtpraevention-eschwege.de\/?p=1976","title":{"rendered":"Das G\u00fctesiegel &#8222;Wir sind Nachfrager&#8220; bekommt einen Imageclip!"},"content":{"rendered":"<p>Beim letztj\u00e4hrigen Erfahrungsaustausch der G\u00fctesiegelpartner \u201eWir sind Nachfrager\u201c wurde angeregt, in Kooperation mit dem MedienWerk Werra-Mei\u00dfner einen Clip zu produzieren, der das wesentliche Anliegen und einige der G\u00fctesiegelpartner exemplarisch ins Zentrum stellen soll.<\/p>\n<p><!--more--><\/p>\n<figure id=\"attachment_1977\" class=\"wp-caption aligncenter\" style=\"max-width: 600px\"><a href=\"https:\/\/suchtpraevention-eschwege.de\/wp-content\/uploads\/2017\/09\/Nachfrager_austausch_08_2017.jpg\"><img loading=\"lazy\" decoding=\"async\" class=\"size-large wp-image-1977\" src=\"https:\/\/suchtpraevention-eschwege.de\/wp-content\/uploads\/2017\/09\/Nachfrager_austausch_08_2017-1024x803.jpg\" alt=\"\" width=\"600\" height=\"471\" srcset=\"https:\/\/suchtpraevention-eschwege.de\/wp-content\/uploads\/2017\/09\/Nachfrager_austausch_08_2017-1024x803.jpg 1024w, https:\/\/suchtpraevention-eschwege.de\/wp-content\/uploads\/2017\/09\/Nachfrager_austausch_08_2017-300x235.jpg 300w, https:\/\/suchtpraevention-eschwege.de\/wp-content\/uploads\/2017\/09\/Nachfrager_austausch_08_2017-768x602.jpg 768w, https:\/\/suchtpraevention-eschwege.de\/wp-content\/uploads\/2017\/09\/Nachfrager_austausch_08_2017.jpg 1730w\" sizes=\"auto, (max-width: 600px) 100vw, 600px\" \/><\/a><figcaption class=\"wp-caption-text\">Unsere &#8222;Nachfrager&#8220; zusammen mit den Sponsoren des G\u00fctesiegels und dem Landrat Stefan Reu\u00df<\/figcaption><\/figure>\n<p>Der Arbeitskreis \u201eG\u00fctesiegel\u201c, hat diese Anregung im Fr\u00fchjahr 2017 mit dem Ziel umgesetzt, das G\u00fctesiegel \u201eWir sind Nachfrager\u201c zu aktualisieren und in der medialen Welt bekannter zu machen.<\/p>\n<p>In Zusammenarbeit mit dem MedienWerk Werra-Mei\u00dfner wurde ein kompakter Imageclip erstellt, der neben den wichtigsten Punkten zur Antragsstellung und Infos zum G\u00fctesiegel auch mehrere G\u00fctesiegelpartner mit Statements aus der Plakatkampagne des letzten Jahres zeigt, da es uns ein gro\u00dfes Anliegen war, eine Verkn\u00fcpfung vom Plakat zum Clip herzustellen.<\/p>\n<p>Wir erhoffen uns, durch den Imageclip neue \u201eNachfrager\u201c gewinnen zu k\u00f6nnen und die Bekanntheit des G\u00fctesiegels im Werra-Mei\u00dfner-Kreis und dar\u00fcber hinaus zu steigern.<\/p>\n<p>Neben dem Werra-Mei\u00dfner-Kreis, der Stadt Eschwege und dem Diakonischen Werk Werra-Mei\u00dfner und der Sparkasse Werra-Mei\u00dfner danken wir insbesondere der AOK \u2013 Die Gesundheitskasse in Hessen f\u00fcr ihre gro\u00dfz\u00fcgige finanzielle Unterst\u00fctzung. Die AOK Hessen unterst\u00fctzt dieses Projekt schon von Anfang an, weil damit ein Problem angegangen wird, das nachweislich die Gesundheit zerst\u00f6rt. Das G\u00fctesiegel passt in das Konzept einer Gesundheitskasse.<\/p>\n<p>Der finale Clip kann bald ver\u00f6ffentlicht werden und wird dann hier und in unseren <a href=\"https:\/\/www.facebook.com\/Kreisweites-G%C3%BCtesiegel-Wir-sind-Nachfrager-647163538725473\/\">sozialen Netzwerken<\/a> gepostet.<\/p>\n<p>&nbsp;<\/p>\n<figure id=\"attachment_1978\" class=\"wp-caption aligncenter\" style=\"max-width: 600px\"><a href=\"https:\/\/suchtpraevention-eschwege.de\/wp-content\/uploads\/2017\/09\/Ausschnitt_Seite_3_6671.0.jpg\"><img loading=\"lazy\" decoding=\"async\" class=\"wp-image-1978 size-large\" src=\"https:\/\/suchtpraevention-eschwege.de\/wp-content\/uploads\/2017\/09\/Ausschnitt_Seite_3_6671.0-808x1024.jpg\" alt=\"\" width=\"600\" height=\"760\" srcset=\"https:\/\/suchtpraevention-eschwege.de\/wp-content\/uploads\/2017\/09\/Ausschnitt_Seite_3_6671.0-808x1024.jpg 808w, https:\/\/suchtpraevention-eschwege.de\/wp-content\/uploads\/2017\/09\/Ausschnitt_Seite_3_6671.0-237x300.jpg 237w, https:\/\/suchtpraevention-eschwege.de\/wp-content\/uploads\/2017\/09\/Ausschnitt_Seite_3_6671.0-768x974.jpg 768w, https:\/\/suchtpraevention-eschwege.de\/wp-content\/uploads\/2017\/09\/Ausschnitt_Seite_3_6671.0.jpg 844w\" sizes=\"auto, (max-width: 600px) 100vw, 600px\" \/><\/a><figcaption class=\"wp-caption-text\">Artikel aus der Werra-Rundschau vom 22.08.17 (Quelle: Werra Rundschau\/ Autor: Michelle Funk)<\/figcaption><\/figure>\n","protected":false},"excerpt":{"rendered":"<p>Beim letztj\u00e4hrigen Erfahrungsaustausch der G\u00fctesiegelpartner \u201eWir sind Nachfrager\u201c wurde angeregt, in Kooperation mit dem MedienWerk Werra-Mei\u00dfner einen Clip zu produzieren, der das wesentliche Anliegen und einige der G\u00fctesiegelpartner exemplarisch ins Zentrum stellen soll.<\/p>\n","protected":false},"author":6,"featured_media":1977,"comment_status":"closed","ping_status":"closed","sticky":false,"template":"","format":"standard","meta":{"footnotes":""},"categories":[11,19],"tags":[],"class_list":["post-1976","post","type-post","status-publish","format-standard","has-post-thumbnail","hentry","category-alkoholpravention","category-halt-hart-am-limit"],"_links":{"self":[{"href":"https:\/\/suchtpraevention-eschwege.de\/index.php?rest_route=\/wp\/v2\/posts\/1976","targetHints":{"allow":["GET"]}}],"collection":[{"href":"https:\/\/suchtpraevention-eschwege.de\/index.php?rest_route=\/wp\/v2\/posts"}],"about":[{"href":"https:\/\/suchtpraevention-eschwege.de\/index.php?rest_route=\/wp\/v2\/types\/post"}],"author":[{"embeddable":true,"href":"https:\/\/suchtpraevention-eschwege.de\/index.php?rest_route=\/wp\/v2\/users\/6"}],"replies":[{"embeddable":true,"href":"https:\/\/suchtpraevention-eschwege.de\/index.php?rest_route=%2Fwp%2Fv2%2Fcomments&post=1976"}],"version-history":[{"count":3,"href":"https:\/\/suchtpraevention-eschwege.de\/index.php?rest_route=\/wp\/v2\/posts\/1976\/revisions"}],"predecessor-version":[{"id":1981,"href":"https:\/\/suchtpraevention-eschwege.de\/index.php?rest_route=\/wp\/v2\/posts\/1976\/revisions\/1981"}],"wp:featuredmedia":[{"embeddable":true,"href":"https:\/\/suchtpraevention-eschwege.de\/index.php?rest_route=\/wp\/v2\/media\/1977"}],"wp:attachment":[{"href":"https:\/\/suchtpraevention-eschwege.de\/index.php?rest_route=%2Fwp%2Fv2%2Fmedia&parent=1976"}],"wp:term":[{"taxonomy":"category","embeddable":true,"href":"https:\/\/suchtpraevention-eschwege.de\/index.php?rest_route=%2Fwp%2Fv2%2Fcategories&post=1976"},{"taxonomy":"post_tag","embeddable":true,"href":"https:\/\/suchtpraevention-eschwege.de\/index.php?rest_route=%2Fwp%2Fv2%2Ftags&post=1976"}],"curies":[{"name":"wp","href":"https:\/\/api.w.org\/{rel}","templated":true}]}}