{"id":2276,"date":"2018-09-25T16:51:30","date_gmt":"2018-09-25T14:51:30","guid":{"rendered":"http:\/\/suchtpraevention-eschwege.de\/?p=2276"},"modified":"2018-10-22T09:42:58","modified_gmt":"2018-10-22T07:42:58","slug":"schneller-hoeher-breiter-wenn-jugendliche-illegale-substanzen-konsumieren","status":"publish","type":"post","link":"https:\/\/suchtpraevention-eschwege.de\/?p=2276","title":{"rendered":"Schneller &#8211; h\u00f6her &#8211; breiter? Wenn Jugendliche illegale Substanzen konsumieren"},"content":{"rendered":"<p>Unter dem Motto \u201e Schneller, h\u00f6her, breiter? \u2026 wenn Jugendliche illegale Substanzen konsumieren\u201c fand am 24.9.2018 eine Fachtagung zum Thema statt. \u00dcber 100 interessierte G\u00e4ste aus Schulen, Jugendhilfe, Jugendarbeit, Suchthilfe und Gesundheitswesen waren zu Gast in der Anne-Frank-Schule, um sich \u00fcber das Konsumverhalten von Jugendlichen zu informieren. Vortr\u00e4ge sind jetzt online.<!--more-->\u201eWir freuen uns sehr \u00fcber diese tolle Resonanz, aber das zeigt auch, wie aktuell und pr\u00e4sent dieses Thema bei der Zielgruppe ist\u201c, erkl\u00e4rt Harald Nolte von der Fachstelle f\u00fcr Suchtpr\u00e4vention des Diakonischen Werks Werra-Mei\u00dfner. Die Nachfrage nach Informationen war im letzten Jahr besonders gestiegen, so ist der Fachtag entstanden. \u201eFachkundig in das Thema einf\u00fchren\u201c.<br \/>\nIn einer Podiumsdiskussion berichteten Dr. Birgit Riediger, Leiterin der kinder- und jugendpsychiatrischen Ambulanz Eschwege, Natascha Weber und Sebastian Kellner von der Jugendhilfe im Strafverfahren und Anna Samland von der Fachstelle f\u00fcr Suchtpr\u00e4vention \u00fcber problematischen Umgang mit illegalen Suchtmitteln und die jeweiligen Herangehensweisen. von Jugendlichen im Werra-Mei\u00dfner-Kreis. \u201eZu uns kommen Jugendliche nicht wegen Suchtproblemen, sondern weil sie andere Probleme haben, allerdings kann man ihnen ab und zu entlocken, dass sie schon einmal etwas genommen haben\u201c, so Dr. Birgit Riediger. Das Einstiegsalter f\u00fcr Cannabis liegt laut den Aussagen der Experten bei 12 bis 13 Jahren. \u201eBei uns gibt es immer Wellenbewegungen, die meisten Jugendlichen werden zu uns geschickt, von der Schule, der Jugendgerichtshilfe oder auch von den Eltern, wir gehen aber von einer hohen Dunkelziffer aus, viele haben Hemmungen ihr Kind zu uns zu schicken\u201c, berichtet Anna Samland. J\u00fcngere Konsumenten w\u00fcrden Cannabis w\u00e4hlen, \u00e4ltere eher Alkohol. \u201eMan muss nicht erst s\u00fcchtig sein, um zu uns zu kommen, wir beraten in allen Fragen und veranstalten auch Schulworkshops oder Elternabende\u201c, so Anna Samland weiter. \u201eDie meisten Jugendlichen haben kein Gefahrenbewusstsein, man muss sich nur bewusst sein, warum Jugendliche zu Drogen greifen, Probierkonsum, Frustration oder schlimme Erlebnisse spielen dabei eine wichtige Rolle\u201c, so Dr. Birgit Riediger. Zuvor gab es zwei Referate, Dirk Grimm vom Projekt Mindzone in M\u00fcnchen, einem safer nightlife Projekt, berichtete \u00fcber Konsummuster und \u2013motive zum Substanzgebrauch. Sehr detailliert stellte er auch Cannabis, Amphetamine und NPS (Neue psychoaktive Substanzen) vor. Besonders eindr\u00fccklich wurde, wie einfach Zugangswege zu illegalen Substanzen ist: Sie k\u00f6nnen in der Regel \u00fcbers Internet bestellt werden.<br \/>\nDr. Bernd Werse vom Centre for Drug Research an der Goethe Uni Frankfurt, ging aus sozialwissenschaftlicher Sicht auf aktuelle Konsummuster und Trends bei illegalen Drogen ein. Sein Bezugspunkt ist die MoSyD Studie, eine Drogentrendstudie, die j\u00e4hrlich Konsumverhalten Frankfurter Sch\u00fcler untersucht. Er zog daraus Schl\u00fcsse auf Konsumverhalten in der l\u00e4ndlichen Region.<br \/>\nSonja Berg,WR + Harald Nolte<\/p>\n<p><a href=\"https:\/\/suchtpraevention-eschwege.de\/wp-content\/uploads\/2018\/09\/18-09-24-Schneller-ho\u0308her-breiter-Eschwege-Dirk-Grimm-Kopie-2.pdf\">Vortrag Dirk Grimm, Mindzone<\/a><\/p>\n<p><a href=\"https:\/\/suchtpraevention-eschwege.de\/wp-content\/uploads\/2018\/09\/Werse-Eschwege-2018.pdf\">Vortrag Dr. Bernd Werse<\/a><\/p>\n<p>&nbsp;<\/p>\n\n\t\t\t<div id='gallery-2276-1' class='gallery gallery-2276'>\n\t\t\t\t<div class='gallery-row gallery-col-3 gallery-clear'>\n\t\t\t\t\t<figure class='gallery-item col-3'>\n\t\t\t\t\t\t<div class='gallery-icon '><a href='https:\/\/suchtpraevention-eschwege.de\/?attachment_id=2277'><img loading=\"lazy\" decoding=\"async\" width=\"150\" height=\"150\" src=\"https:\/\/suchtpraevention-eschwege.de\/wp-content\/uploads\/2018\/09\/Gruppenbild-150x150.jpg\" class=\"attachment-thumbnail size-thumbnail\" alt=\"\" \/><\/a><\/div>\n\t\t\t\t\t<\/figure>\n\t\t\t\t\t<figure class='gallery-item col-3'>\n\t\t\t\t\t\t<div class='gallery-icon '><a href='https:\/\/suchtpraevention-eschwege.de\/?attachment_id=2281'><img loading=\"lazy\" decoding=\"async\" width=\"150\" height=\"150\" src=\"https:\/\/suchtpraevention-eschwege.de\/wp-content\/uploads\/2018\/09\/Vortrag_Grimm-150x150.jpg\" class=\"attachment-thumbnail size-thumbnail\" alt=\"\" \/><\/a><\/div>\n\t\t\t\t\t<\/figure>\n\t\t\t\t\t<figure class='gallery-item col-3'>\n\t\t\t\t\t\t<div class='gallery-icon '><a href='https:\/\/suchtpraevention-eschwege.de\/?attachment_id=2280'><img loading=\"lazy\" decoding=\"async\" width=\"150\" height=\"150\" src=\"https:\/\/suchtpraevention-eschwege.de\/wp-content\/uploads\/2018\/09\/Vortrag-150x150.jpg\" class=\"attachment-thumbnail size-thumbnail\" alt=\"\" \/><\/a><\/div>\n\t\t\t\t\t<\/figure>\n\t\t\t\t<\/div>\n\t\t\t\t<div class='gallery-row gallery-col-3 gallery-clear'>\n\t\t\t\t\t<figure class='gallery-item col-3'>\n\t\t\t\t\t\t<div class='gallery-icon '><a href='https:\/\/suchtpraevention-eschwege.de\/?attachment_id=2279'><img loading=\"lazy\" decoding=\"async\" width=\"150\" height=\"150\" src=\"https:\/\/suchtpraevention-eschwege.de\/wp-content\/uploads\/2018\/09\/Podium_Grimm-150x150.jpg\" class=\"attachment-thumbnail size-thumbnail\" alt=\"\" \/><\/a><\/div>\n\t\t\t\t\t<\/figure>\n\t\t\t\t\t<figure class='gallery-item col-3'>\n\t\t\t\t\t\t<div class='gallery-icon '><a href='https:\/\/suchtpraevention-eschwege.de\/?attachment_id=2278'><img loading=\"lazy\" decoding=\"async\" width=\"150\" height=\"150\" src=\"https:\/\/suchtpraevention-eschwege.de\/wp-content\/uploads\/2018\/09\/Podium-150x150.jpg\" class=\"attachment-thumbnail size-thumbnail\" alt=\"\" \/><\/a><\/div>\n\t\t\t\t\t<\/figure>\n\t\t\t<\/div>\n\t\t\t<\/div><!-- .gallery -->\n\n","protected":false},"excerpt":{"rendered":"<p>Unter dem Motto \u201e Schneller, h\u00f6her, breiter? \u2026 wenn Jugendliche illegale Substanzen konsumieren\u201c fand am 24.9.2018 eine Fachtagung zum Thema statt. \u00dcber 100 interessierte G\u00e4ste aus Schulen, Jugendhilfe, Jugendarbeit, Suchthilfe und Gesundheitswesen waren zu Gast in der Anne-Frank-Schule, um sich \u00fcber das Konsumverhalten von Jugendlichen zu informieren. Vortr\u00e4ge sind jetzt online.<\/p>\n","protected":false},"author":6,"featured_media":2277,"comment_status":"closed","ping_status":"closed","sticky":false,"template":"","format":"standard","meta":{"footnotes":""},"categories":[1],"tags":[],"class_list":["post-2276","post","type-post","status-publish","format-standard","has-post-thumbnail","hentry","category-allgemein"],"_links":{"self":[{"href":"https:\/\/suchtpraevention-eschwege.de\/index.php?rest_route=\/wp\/v2\/posts\/2276","targetHints":{"allow":["GET"]}}],"collection":[{"href":"https:\/\/suchtpraevention-eschwege.de\/index.php?rest_route=\/wp\/v2\/posts"}],"about":[{"href":"https:\/\/suchtpraevention-eschwege.de\/index.php?rest_route=\/wp\/v2\/types\/post"}],"author":[{"embeddable":true,"href":"https:\/\/suchtpraevention-eschwege.de\/index.php?rest_route=\/wp\/v2\/users\/6"}],"replies":[{"embeddable":true,"href":"https:\/\/suchtpraevention-eschwege.de\/index.php?rest_route=%2Fwp%2Fv2%2Fcomments&post=2276"}],"version-history":[{"count":5,"href":"https:\/\/suchtpraevention-eschwege.de\/index.php?rest_route=\/wp\/v2\/posts\/2276\/revisions"}],"predecessor-version":[{"id":2291,"href":"https:\/\/suchtpraevention-eschwege.de\/index.php?rest_route=\/wp\/v2\/posts\/2276\/revisions\/2291"}],"wp:featuredmedia":[{"embeddable":true,"href":"https:\/\/suchtpraevention-eschwege.de\/index.php?rest_route=\/wp\/v2\/media\/2277"}],"wp:attachment":[{"href":"https:\/\/suchtpraevention-eschwege.de\/index.php?rest_route=%2Fwp%2Fv2%2Fmedia&parent=2276"}],"wp:term":[{"taxonomy":"category","embeddable":true,"href":"https:\/\/suchtpraevention-eschwege.de\/index.php?rest_route=%2Fwp%2Fv2%2Fcategories&post=2276"},{"taxonomy":"post_tag","embeddable":true,"href":"https:\/\/suchtpraevention-eschwege.de\/index.php?rest_route=%2Fwp%2Fv2%2Ftags&post=2276"}],"curies":[{"name":"wp","href":"https:\/\/api.w.org\/{rel}","templated":true}]}}