{"id":2410,"date":"2019-10-14T10:30:12","date_gmt":"2019-10-14T08:30:12","guid":{"rendered":"http:\/\/suchtpraevention-eschwege.de\/?p=2410"},"modified":"2019-10-14T10:49:29","modified_gmt":"2019-10-14T08:49:29","slug":"parkscheibenaktion-zum-weltnichtrauchetag-2019","status":"publish","type":"post","link":"https:\/\/suchtpraevention-eschwege.de\/?p=2410","title":{"rendered":"Parkscheibenaktion &#8222;Rauchfreies Auto f\u00fcr mein Kind&#8220;"},"content":{"rendered":"<p>Die Fachstelle f\u00fcr Suchtpr\u00e4vention und die BKK Werra-Mei\u00dfner haben das Pr\u00e4ventionsprojekt \u201eRauchfreies Auto f\u00fcr mein Kind!\u201c gestartet. Aufgelegt wurden Parkscheiben, die auf der R\u00fcckseite \u00fcber die Risiken von Passivrauchen im Auto f\u00fcr (Klein)-Kinder und Schwangere informieren. Mittlerweile werden die Parkscheiben \u00fcber die Entbindungsstationen, die Willkommenspakete des Landkreises, bei Einschulungsuntersuchungen, die Familienbildungsst\u00e4tte, Familienzentren, Kindertagesst\u00e4tten, Arztpraxen und die BKK Werra-Mei\u00dfner an Eltern und Familien ausgegeben.<!--more--><\/p>\n<p><img loading=\"lazy\" decoding=\"async\" class=\"alignleft wp-image-2412\" src=\"https:\/\/suchtpraevention-eschwege.de\/wp-content\/uploads\/2019\/05\/Vorlage_parkscheibe.jpg\" alt=\"\" width=\"319\" height=\"327\" srcset=\"https:\/\/suchtpraevention-eschwege.de\/wp-content\/uploads\/2019\/05\/Vorlage_parkscheibe.jpg 999w, https:\/\/suchtpraevention-eschwege.de\/wp-content\/uploads\/2019\/05\/Vorlage_parkscheibe-293x300.jpg 293w, https:\/\/suchtpraevention-eschwege.de\/wp-content\/uploads\/2019\/05\/Vorlage_parkscheibe-768x787.jpg 768w\" sizes=\"auto, (max-width: 319px) 100vw, 319px\" \/>Tabakrauch ist der mit Abstand gef\u00e4hrlichste, aber auch am leichtesten zu vermeidende Schadstoff in Innenr\u00e4umen: Beim Verbrennen einer Zigarette entstehen Tausende Substanzen, darunter giftige wie Blaus\u00e4ure, Ammoniak oder Kohlenmonoxid, und auch krebserregende Stoffe wie aromatische Amine, Benzol, Vinylchlorid, Arsen. Wer solche Substanzen inhaliert oder passiv aus der Umgebungsluft einatmet, kann Lungenkrebs oder andere schwere Erkrankungen etwa des Herz-Kreislauf-Systems entwickeln.<\/p>\n<p>Besonders brisant ist die Belastung f\u00fcr Kinder und Schwangere im Auto. Schon wenige Z\u00fcge an der Zigarette erh\u00f6hen die Feinstaubbelastung im Innenraum des Fahrzeugs enorm. Passivrauchen beeintr\u00e4chtigt Kinder deshalb noch st\u00e4rker als Erwachsene, weil ihre Organe noch in der Entwicklung und damit besonders empfindlich sind. Selbst wenn nicht in Anwesenheit von Kindern geraucht wird, werden diese mit den Giftstoffen konfrontiert, die sich in Textilien ablagern und noch lange Zeit nach dem Rauchen in die Luft abgegeben werden. Nach Messungen des Deutschen Krebsforschungszentrums (DKFZ) liegt die Schadstoffkonzentration in einem verrauchten Auto f\u00fcnf Mal so hoch wie in einer durchschnittlich verrauchten Bar.<\/p>\n<p><strong>Passivrauchen erh\u00f6ht gesundheitliche Risiken bei Kindern!<\/strong><\/p>\n<p>Bei Kindern kann Passivrauchen zu akuten und chronischen Atemwegserkrankungen sowie zu akuter und chronischer Mittelohrentz\u00fcndung f\u00fchren, Asthma verschlimmern, sowie den Bluthochdruck und das Krebsrisiko erh\u00f6hen. Bei Babys geh\u00f6rt das Passivrauchen zudem zu den Hauptrisikofaktoren f\u00fcr den pl\u00f6tzlichen Kindstod.<\/p>\n<p>Bisher besteht f\u00fcr Kinder in Deutschland kein gesetzlicher Schutz vor den Gefahren des Passivrauchens im Auto. \u00c4hnlich wie das Handyverbot im Auto k\u00f6nnte ein Rauchverbot beispielsweise in die Stra\u00dfenverkehrsordnung integriert werden. Der R\u00fcckhalt in der Bev\u00f6lkerung w\u00e4re f\u00fcr einen solchen Schritt gegeben; so stimmen 87 Prozent der Bev\u00f6lkerung in Deutschland einem Rauchverbot im Auto zum Schutz von Kindern zu. Sogar unter den Rauchern, liegt die Zustimmung bei 78 Prozent und damit deutlich \u00fcber der Zustimmung der Raucher zu einem Rauchverbot in Gastst\u00e4tten.<\/p>\n<p>In Nordrhein-Westfalen sollen Autos auf deutschen Stra\u00dfen in Zukunft rauchfrei sein, wenn sich Minderj\u00e4hrige oder Schwangere an Bord befinden. Im Landtag wurde im M\u00e4rz 2019 ein entsprechender gemeinsamer Antrag von CDU, SPD, FDP und Gr\u00fcnen gestellt.<\/p>\n<p>In mehreren europ\u00e4ischen L\u00e4ndern, wie z.B. Italien und Griechenland, ist es mittlerweile verboten, im Auto zu rauchen, wenn Kinder dabei sind.<\/p>\n<p>Die Fachstelle f\u00fcr Suchtpr\u00e4vention des Diakonischen Werkes Werra-Mei\u00dfner setzt sich gemeinsam mit der BKK Werra-Mei\u00dfner f\u00fcr den Ausbau des Nichtraucherschutzes ein.<\/p>\n<p>Harald Nolte von der Fachstelle f\u00fcr Suchtpr\u00e4vention betont: &#8222;Angesichts der Risiken, denen besonders Kinder ausgesetzt sind, wenn im Auto geraucht wird, setzen wir uns daf\u00fcr ein, dass dort konsequent auf das Rauchen verzichtet wird. F\u00fcr die Unterst\u00fctzung der Gesundheit von Kindern mit dieser Pr\u00e4ventionsbotschaft f\u00fcr Eltern danke ich der BKK Werra-Mei\u00dfner herzlich.&#8220;<\/p>\n<p><strong>Projekt \u201eRauchfreies Auto f\u00fcr mein Kind!\u201c startet!<\/strong><\/p>\n<p>Um diesem wichtigen Thema Gewicht zu verleihen, haben die Fachstelle und die Krankenkasse zum 31. Mai 2019, dem Weltnichtrauchertag, das Pr\u00e4ventionsprojekt \u201eRauchfreies Auto f\u00fcr mein Kind!\u201c gestartet.<\/p>\n<p>Aufgelegt wurden Parkscheiben, die \u00fcber die Risiken von Passivrauchen f\u00fcr (Klein)-Kinder im Auto informieren. Parkscheiben finden im Alltag regelm\u00e4\u00dfig Anwendung und die R\u00fcckseite eignet sich gut f\u00fcr Pr\u00e4ventionsbotschaften, die immer wieder gelesen werden.<\/p>\n<p><img loading=\"lazy\" decoding=\"async\" class=\"alignnone size-full wp-image-2411\" src=\"https:\/\/suchtpraevention-eschwege.de\/wp-content\/uploads\/2019\/05\/IMG_9358.jpg\" alt=\"\" width=\"1024\" height=\"683\" srcset=\"https:\/\/suchtpraevention-eschwege.de\/wp-content\/uploads\/2019\/05\/IMG_9358.jpg 1024w, https:\/\/suchtpraevention-eschwege.de\/wp-content\/uploads\/2019\/05\/IMG_9358-300x200.jpg 300w, https:\/\/suchtpraevention-eschwege.de\/wp-content\/uploads\/2019\/05\/IMG_9358-768x512.jpg 768w\" sizes=\"auto, (max-width: 1024px) 100vw, 1024px\" \/><br \/>\nClaudia K\u00fcster von der BKK Werra-Mei\u00dfner betont: &#8222;Schon im Kindesalter werden die Weichen f\u00fcr die sp\u00e4tere Gesundheit und einen gesunden Lebensstil gelegt. Deshalb unterst\u00fctzen wir Projekte, die ein gesundes Heranwachsen von Kindern und Jugendlichen f\u00f6rdern. Wer raucht, kann oftmals nicht so einfach damit aufh\u00f6ren. Es w\u00e4re toll, wenn die Botschaft \u201eRauchfreies Auto f\u00fcr mein Kinde!\u201c auf der R\u00fcckseite der Parkscheibe Raucher sensibilisiert, doch zumindest im Auto nicht mehr zu rauchen. Das w\u00e4re schon ein toller Anfang\u201c.<\/p>\n<p>Mehr Informationen zum diesj\u00e4hrigen Weltnichtrauchertag erhalten Sie unter <a href=\"http:\/\/www.weltnichtrauchertag.de\">www.weltnichtrauchertag.de<\/a><\/p>\n<p>Zum Projekt \u201eRauchfreies Auto f\u00fcr mein Kind!\u201c finden Sie Informationen unter <a href=\"http:\/\/www.suchtpraevention-eschwege.de\">www.suchtpraevention-eschwege.de<\/a> und unter <a href=\"http:\/\/www.bkk-werra-meissner.de\">www.bkk-werra-meissner.de<\/a> .<\/p>\n<p><a href=\"https:\/\/suchtpraevention-eschwege.de\/wp-content\/uploads\/2019\/05\/AdWfdP_Rauchfrei_im_Auto_in_Anwesenheit_von_Kindern-1.pdf\">Rauchfrei im Auto in Anwesenheit von Kindern<\/a><br \/>\n<a href=\"https:\/\/suchtpraevention-eschwege.de\/wp-content\/uploads\/2019\/05\/170202_BMG_Aktionsflyer_Rauchfrei_WEB-1.pdf\">Aktionsflyer Rauchfrei<\/a><\/p>\n<p>Pressekontakte:<\/p>\n<p><strong>Diakonisches Werk Werra-Mei\u00dfner<br \/>\nFachstelle f\u00fcr Suchtpr\u00e4vention <\/strong><br \/>\nHarald Nolte<br \/>\nLeuchtbergstr. 10b<br \/>\n37269 Eschwege<br \/>\nTelefon: 05651\/3394296<\/p>\n<p><strong>BKK Wer<\/strong><strong>ra-Mei\u00dfner<br \/>\n<\/strong>Claudia K\u00fcster<br \/>\nStra\u00dfburger Str. 5<br \/>\n37269 Eschwege<br \/>\n05651\/7451608<strong><br \/>\n<\/strong><\/p>\n","protected":false},"excerpt":{"rendered":"<p>Die Fachstelle f\u00fcr Suchtpr\u00e4vention und die BKK Werra-Mei\u00dfner haben das Pr\u00e4ventionsprojekt \u201eRauchfreies Auto f\u00fcr mein Kind!\u201c gestartet. Aufgelegt wurden Parkscheiben, die auf der R\u00fcckseite \u00fcber die Risiken von Passivrauchen im Auto f\u00fcr (Klein)-Kinder und Schwangere informieren. Mittlerweile werden die Parkscheiben \u00fcber die Entbindungsstationen, die Willkommenspakete des Landkreises, bei Einschulungsuntersuchungen, die Familienbildungsst\u00e4tte, Familienzentren, Kindertagesst\u00e4tten, Arztpraxen und [&hellip;]<\/p>\n","protected":false},"author":6,"featured_media":2412,"comment_status":"closed","ping_status":"closed","sticky":false,"template":"","format":"standard","meta":{"footnotes":""},"categories":[1],"tags":[],"class_list":["post-2410","post","type-post","status-publish","format-standard","has-post-thumbnail","hentry","category-allgemein"],"_links":{"self":[{"href":"https:\/\/suchtpraevention-eschwege.de\/index.php?rest_route=\/wp\/v2\/posts\/2410","targetHints":{"allow":["GET"]}}],"collection":[{"href":"https:\/\/suchtpraevention-eschwege.de\/index.php?rest_route=\/wp\/v2\/posts"}],"about":[{"href":"https:\/\/suchtpraevention-eschwege.de\/index.php?rest_route=\/wp\/v2\/types\/post"}],"author":[{"embeddable":true,"href":"https:\/\/suchtpraevention-eschwege.de\/index.php?rest_route=\/wp\/v2\/users\/6"}],"replies":[{"embeddable":true,"href":"https:\/\/suchtpraevention-eschwege.de\/index.php?rest_route=%2Fwp%2Fv2%2Fcomments&post=2410"}],"version-history":[{"count":7,"href":"https:\/\/suchtpraevention-eschwege.de\/index.php?rest_route=\/wp\/v2\/posts\/2410\/revisions"}],"predecessor-version":[{"id":2612,"href":"https:\/\/suchtpraevention-eschwege.de\/index.php?rest_route=\/wp\/v2\/posts\/2410\/revisions\/2612"}],"wp:featuredmedia":[{"embeddable":true,"href":"https:\/\/suchtpraevention-eschwege.de\/index.php?rest_route=\/wp\/v2\/media\/2412"}],"wp:attachment":[{"href":"https:\/\/suchtpraevention-eschwege.de\/index.php?rest_route=%2Fwp%2Fv2%2Fmedia&parent=2410"}],"wp:term":[{"taxonomy":"category","embeddable":true,"href":"https:\/\/suchtpraevention-eschwege.de\/index.php?rest_route=%2Fwp%2Fv2%2Fcategories&post=2410"},{"taxonomy":"post_tag","embeddable":true,"href":"https:\/\/suchtpraevention-eschwege.de\/index.php?rest_route=%2Fwp%2Fv2%2Ftags&post=2410"}],"curies":[{"name":"wp","href":"https:\/\/api.w.org\/{rel}","templated":true}]}}