{"id":2689,"date":"2020-04-08T14:15:14","date_gmt":"2020-04-08T12:15:14","guid":{"rendered":"http:\/\/suchtpraevention-eschwege.de\/?p=2689"},"modified":"2020-04-08T14:16:32","modified_gmt":"2020-04-08T12:16:32","slug":"fachstelle-fuer-suchtpraevention-veroeffentlicht-jahresbericht-2019","status":"publish","type":"post","link":"https:\/\/suchtpraevention-eschwege.de\/?p=2689","title":{"rendered":"Fachstelle f\u00fcr Suchtpr\u00e4vention ver\u00f6ffentlicht Jahresbericht 2019"},"content":{"rendered":"\n<p>Die Fachstelle f\u00fcr Suchtpr\u00e4vention hat ihren Jahresbericht 2019 ver\u00f6ffentlicht. Der Bericht beschreibt exemplarisch einige Arbeitsschwerpunkte des letzten Jahres in Wort und Bild, besonders die Entwicklung des Projektes \u201eHaLT \u2013 Hart am LimiT\u201c. Bei HaLT geht es um Alkoholpr\u00e4vention bei Kindern und Jugendlichen. Das Projekt hat sich 2019 deutlich weiter entwickelt, so wurde die Zielgruppe erweitert und auch illegale Substanzen mit in den Blick genommen.<br>Ein weiteres besonderes Highlight war die Erstellung der Parkscheiben \u201eRauchfreies Auto f\u00fcr mein Kind\u201c. Gemeinsam mit der BKK Werra-Mei\u00dfner wurde auf das heikle Thema Rauchen im Auto aufmerksam gemacht.<\/p>\n\n\n\n<p>Beim Open Flair gab es erstmals drei Aktionen: Die Peers der Bundeszentrale f\u00fcr gesundheitliche Aufkl\u00e4rung \u201eKenn-Dein-Limit\u201c, das Safer-Nightlife Projekt \u201eDrogerie\u201c der Suchthilfe Th\u00fcringen und auff\u00e4llige Plakate und Banner zur Risikominimierung bei Drogen- und Suchtmittelgebrauch.<\/p>\n\n\n\n<p>Den Jahresbericht finden Sie hier<\/p>\n\n\n\n<div class=\"wp-block-file\"><a href=\"https:\/\/suchtpraevention-eschwege.de\/wp-content\/uploads\/2020\/04\/Jahresbericht-SP_2019_final.pdf\">Jahresbericht-SP_2019<\/a><a href=\"https:\/\/suchtpraevention-eschwege.de\/wp-content\/uploads\/2020\/04\/Jahresbericht-SP_2019_final.pdf\" class=\"wp-block-file__button\" download>Herunterladen<\/a><\/div>\n\n\n\n<p><\/p>\n","protected":false},"excerpt":{"rendered":"<p>Die Fachstelle f\u00fcr Suchtpr\u00e4vention hat ihren Jahresbericht 2019 ver\u00f6ffentlicht. Der Bericht beschreibt exemplarisch einige Arbeitsschwerpunkte des letzten Jahres in Wort und Bild, besonders die Entwicklung des Projektes \u201eHaLT \u2013 Hart am LimiT\u201c. Bei HaLT geht es um Alkoholpr\u00e4vention bei Kindern und Jugendlichen. Das Projekt hat sich 2019 deutlich weiter entwickelt, so wurde die Zielgruppe erweitert [&hellip;]<\/p>\n","protected":false},"author":9,"featured_media":2697,"comment_status":"closed","ping_status":"closed","sticky":false,"template":"","format":"standard","meta":{"footnotes":""},"categories":[1],"tags":[],"class_list":["post-2689","post","type-post","status-publish","format-standard","has-post-thumbnail","hentry","category-allgemein"],"_links":{"self":[{"href":"https:\/\/suchtpraevention-eschwege.de\/index.php?rest_route=\/wp\/v2\/posts\/2689","targetHints":{"allow":["GET"]}}],"collection":[{"href":"https:\/\/suchtpraevention-eschwege.de\/index.php?rest_route=\/wp\/v2\/posts"}],"about":[{"href":"https:\/\/suchtpraevention-eschwege.de\/index.php?rest_route=\/wp\/v2\/types\/post"}],"author":[{"embeddable":true,"href":"https:\/\/suchtpraevention-eschwege.de\/index.php?rest_route=\/wp\/v2\/users\/9"}],"replies":[{"embeddable":true,"href":"https:\/\/suchtpraevention-eschwege.de\/index.php?rest_route=%2Fwp%2Fv2%2Fcomments&post=2689"}],"version-history":[{"count":5,"href":"https:\/\/suchtpraevention-eschwege.de\/index.php?rest_route=\/wp\/v2\/posts\/2689\/revisions"}],"predecessor-version":[{"id":2725,"href":"https:\/\/suchtpraevention-eschwege.de\/index.php?rest_route=\/wp\/v2\/posts\/2689\/revisions\/2725"}],"wp:featuredmedia":[{"embeddable":true,"href":"https:\/\/suchtpraevention-eschwege.de\/index.php?rest_route=\/wp\/v2\/media\/2697"}],"wp:attachment":[{"href":"https:\/\/suchtpraevention-eschwege.de\/index.php?rest_route=%2Fwp%2Fv2%2Fmedia&parent=2689"}],"wp:term":[{"taxonomy":"category","embeddable":true,"href":"https:\/\/suchtpraevention-eschwege.de\/index.php?rest_route=%2Fwp%2Fv2%2Fcategories&post=2689"},{"taxonomy":"post_tag","embeddable":true,"href":"https:\/\/suchtpraevention-eschwege.de\/index.php?rest_route=%2Fwp%2Fv2%2Ftags&post=2689"}],"curies":[{"name":"wp","href":"https:\/\/api.w.org\/{rel}","templated":true}]}}