{"id":2718,"date":"2020-04-23T09:39:15","date_gmt":"2020-04-23T07:39:15","guid":{"rendered":"http:\/\/suchtpraevention-eschwege.de\/?p=2718"},"modified":"2020-04-28T15:55:55","modified_gmt":"2020-04-28T13:55:55","slug":"neue-mitarbeiterin-in-der-fachstelle","status":"publish","type":"post","link":"https:\/\/suchtpraevention-eschwege.de\/?p=2718","title":{"rendered":"Neue Mitarbeiterin in der Fachstelle"},"content":{"rendered":"\n<p>Die Fachstelle f\u00fcr Suchthilfe und Pr\u00e4vention des Diakonischen Werks Werra-Mei\u00dfner hat eine neue Mitarbeiterin. <\/p>\n\n\n\n<p>Seit Mitte M\u00e4rz 2020 verst\u00e4rkt Vanessa M\u00f6rbel das Team. Mit halber Stelle ist sie f\u00fcr die Koordination vom Projekt \u201eHaLT \u2013 Hart am LimiT\u201c und das G\u00fctesiegel \u201eWir sind Nachfrager\u201c zust\u00e4ndig, au\u00dferdem koordiniert sie alle Workshops an weiterf\u00fchrenden Schulen im Landkreis.<\/p>\n\n\n\n<p>Des Weiteren \u00fcbernimmt sie eine halbe Stelle in der Suchtpr\u00e4vention. Sie soll in diesem Bereich f\u00fcr die Organisation der Juice-Box, der JugendFilmTage, Klasse2000 und andere Aktivit\u00e4ten zust\u00e4ndig sein.<\/p>\n\n\n\n<figure class=\"wp-block-image size-medium\"><img loading=\"lazy\" decoding=\"async\" width=\"214\" height=\"300\" src=\"https:\/\/suchtpraevention-eschwege.de\/wp-content\/uploads\/2020\/04\/Foto-1-214x300.jpg\" alt=\"\" class=\"wp-image-2719\" srcset=\"https:\/\/suchtpraevention-eschwege.de\/wp-content\/uploads\/2020\/04\/Foto-1-214x300.jpg 214w, https:\/\/suchtpraevention-eschwege.de\/wp-content\/uploads\/2020\/04\/Foto-1-731x1024.jpg 731w, https:\/\/suchtpraevention-eschwege.de\/wp-content\/uploads\/2020\/04\/Foto-1-768x1075.jpg 768w, https:\/\/suchtpraevention-eschwege.de\/wp-content\/uploads\/2020\/04\/Foto-1-1097x1536.jpg 1097w, https:\/\/suchtpraevention-eschwege.de\/wp-content\/uploads\/2020\/04\/Foto-1-1463x2048.jpg 1463w, https:\/\/suchtpraevention-eschwege.de\/wp-content\/uploads\/2020\/04\/Foto-1-scaled.jpg 1828w\" sizes=\"auto, (max-width: 214px) 100vw, 214px\" \/><\/figure>\n\n\n\n<p>Frau M\u00f6rbel ist 24 Jahre alt, hat in Fulda Gesundheitsf\u00f6rderung studiert und schon Erfahrungen in der Suchtpr\u00e4vention in der Fachstelle f\u00fcr Suchtpr\u00e4vention Bad Hersfeld gesammelt.<\/p>\n\n\n\n<p>Wir begr\u00fc\u00dfen sie herzlich und freuen uns auf die Zusammenarbeit!<\/p>\n","protected":false},"excerpt":{"rendered":"<p>Die Fachstelle f\u00fcr Suchthilfe und Pr\u00e4vention des Diakonischen Werks Werra-Mei\u00dfner hat eine neue Mitarbeiterin. Seit Mitte M\u00e4rz 2020 verst\u00e4rkt Vanessa M\u00f6rbel das Team. Mit halber Stelle ist sie f\u00fcr die Koordination vom Projekt \u201eHaLT \u2013 Hart am LimiT\u201c und das G\u00fctesiegel \u201eWir sind Nachfrager\u201c zust\u00e4ndig, au\u00dferdem koordiniert sie alle Workshops an weiterf\u00fchrenden Schulen im Landkreis. [&hellip;]<\/p>\n","protected":false},"author":6,"featured_media":2719,"comment_status":"closed","ping_status":"closed","sticky":false,"template":"","format":"standard","meta":{"footnotes":""},"categories":[1],"tags":[],"class_list":["post-2718","post","type-post","status-publish","format-standard","has-post-thumbnail","hentry","category-allgemein"],"_links":{"self":[{"href":"https:\/\/suchtpraevention-eschwege.de\/index.php?rest_route=\/wp\/v2\/posts\/2718","targetHints":{"allow":["GET"]}}],"collection":[{"href":"https:\/\/suchtpraevention-eschwege.de\/index.php?rest_route=\/wp\/v2\/posts"}],"about":[{"href":"https:\/\/suchtpraevention-eschwege.de\/index.php?rest_route=\/wp\/v2\/types\/post"}],"author":[{"embeddable":true,"href":"https:\/\/suchtpraevention-eschwege.de\/index.php?rest_route=\/wp\/v2\/users\/6"}],"replies":[{"embeddable":true,"href":"https:\/\/suchtpraevention-eschwege.de\/index.php?rest_route=%2Fwp%2Fv2%2Fcomments&post=2718"}],"version-history":[{"count":4,"href":"https:\/\/suchtpraevention-eschwege.de\/index.php?rest_route=\/wp\/v2\/posts\/2718\/revisions"}],"predecessor-version":[{"id":2730,"href":"https:\/\/suchtpraevention-eschwege.de\/index.php?rest_route=\/wp\/v2\/posts\/2718\/revisions\/2730"}],"wp:featuredmedia":[{"embeddable":true,"href":"https:\/\/suchtpraevention-eschwege.de\/index.php?rest_route=\/wp\/v2\/media\/2719"}],"wp:attachment":[{"href":"https:\/\/suchtpraevention-eschwege.de\/index.php?rest_route=%2Fwp%2Fv2%2Fmedia&parent=2718"}],"wp:term":[{"taxonomy":"category","embeddable":true,"href":"https:\/\/suchtpraevention-eschwege.de\/index.php?rest_route=%2Fwp%2Fv2%2Fcategories&post=2718"},{"taxonomy":"post_tag","embeddable":true,"href":"https:\/\/suchtpraevention-eschwege.de\/index.php?rest_route=%2Fwp%2Fv2%2Ftags&post=2718"}],"curies":[{"name":"wp","href":"https:\/\/api.w.org\/{rel}","templated":true}]}}