{"id":2895,"date":"2020-09-11T10:55:00","date_gmt":"2020-09-11T08:55:00","guid":{"rendered":"http:\/\/suchtpraevention-eschwege.de\/?p=2895"},"modified":"2020-11-26T11:10:07","modified_gmt":"2020-11-26T09:10:07","slug":"babyblau-ist-nur-als-farbe-schoen","status":"publish","type":"post","link":"https:\/\/suchtpraevention-eschwege.de\/?p=2895","title":{"rendered":"Babyblau ist nur als Farbe sch\u00f6n"},"content":{"rendered":"\n<p><img loading=\"lazy\" decoding=\"async\" width=\"400\" height=\"300\" class=\"wp-image-2896\" style=\"width: 400px;\" src=\"https:\/\/suchtpraevention-eschwege.de\/wp-content\/uploads\/2020\/11\/Ballons-4-scaled.jpg\" alt=\"\" srcset=\"https:\/\/suchtpraevention-eschwege.de\/wp-content\/uploads\/2020\/11\/Ballons-4-scaled.jpg 1024w, https:\/\/suchtpraevention-eschwege.de\/wp-content\/uploads\/2020\/11\/Ballons-4-300x225.jpg 300w, https:\/\/suchtpraevention-eschwege.de\/wp-content\/uploads\/2020\/11\/Ballons-4-768x576.jpg 768w, https:\/\/suchtpraevention-eschwege.de\/wp-content\/uploads\/2020\/11\/Ballons-4-1536x1152.jpg 1536w, https:\/\/suchtpraevention-eschwege.de\/wp-content\/uploads\/2020\/11\/Ballons-4-2048x1536.jpg 2048w\" sizes=\"auto, (max-width: 400px) 100vw, 400px\" \/><\/p>\n\n\n\n<p>Am 09. September war das HaLT-Projekt am Heuberg in Eschwege unterwegs. Am HaLT-Aktionstag unter dem Motto <strong>\u201eBabyblau ist nur als Farbe sch\u00f6n \u2013 alkoholfrei durch die Schwangerschaft\u201c<\/strong> wurden rund um die Anne-Frank-Schule und die Beruflichen Schulen hellblaue Luftballons aufgeh\u00e4ngt und mit verschiedenen Spr\u00fcchen und Hashtags beschriftet. Die hessenweite Aktion am \u201eTag des alkoholgesch\u00e4digten Kindes\u201c sollte darauf aufmerksam machen, dass j\u00e4hrlich etwa 16.000 Kinder in Deutschland mit alkoholbedingten Folgesch\u00e4den geboren werden.<\/p>\n\n\n\n<p><img loading=\"lazy\" decoding=\"async\" width=\"300\" height=\"400\" class=\"wp-image-2897\" style=\"width: 300px;\" src=\"https:\/\/suchtpraevention-eschwege.de\/wp-content\/uploads\/2020\/11\/BS-Hof-scaled-e1606381190350.jpg\" alt=\"\" srcset=\"https:\/\/suchtpraevention-eschwege.de\/wp-content\/uploads\/2020\/11\/BS-Hof-scaled-e1606381190350.jpg 768w, https:\/\/suchtpraevention-eschwege.de\/wp-content\/uploads\/2020\/11\/BS-Hof-scaled-e1606381190350-225x300.jpg 225w\" sizes=\"auto, (max-width: 300px) 100vw, 300px\" \/><\/p>\n\n\n\n<p>Der Konsum von Alkohol in der Schwangerschaft kann erheblichen Einfluss auf die Gesundheit des Kindes und dessen Entwicklung haben. Alkohol ist ein Zellgift, das \u00fcber das m\u00fctterliche Blut die Plazentaschranke durchdringt und das Ungeborene schwerwiegend und dauerhaft sch\u00e4digen kann. Die daraus resultierenden Erkrankungen werden unter dem Sammelbegriff \u201eFetale Alkoholspektrumst\u00f6rungen\u201c (fetal alcohol spectrum disorder, FASD) zusammengefasst.<\/p>\n\n\n\n<p>\u201eIn Deutschland ist das Bewusstsein daf\u00fcr, dass jeder Schluck Alkohol f\u00fcr das Ungeborene ein Risiko bedeutet, immer noch nicht gen\u00fcgend vorhanden\u201c, erl\u00e4utert Susanne Schmitt, Gesch\u00e4ftsf\u00fchrerin der Hessischen Landesstelle f\u00fcr Suchtfragen e.V. (HLS). \u201eLaut Drogen- und Suchtbericht der Bundesregierung 2019 werden Sch\u00e4tzungen zufolge in Deutschland j\u00e4hrlich bis zu 16.000 Babys mit alkoholbedingten Folgesch\u00e4den geboren \u2013 die Dunkelziffer liegt vermutlich sogar noch weit h\u00f6her. Aus diesem Grund ist es der HLS und den am Programm \u201eHaLT in Hessen\u201c beteiligten Standorten ein besonderes Anliegen, mit einem Aktionstag auf die Gefahren von Alkohol in der Schwangerschaft hinzuweisen\u201c, so Schmitt weiter.<\/p>\n\n\n\n<p><img loading=\"lazy\" decoding=\"async\" width=\"150\" height=\"200\" class=\"wp-image-2898\" style=\"width: 150px;\" src=\"https:\/\/suchtpraevention-eschwege.de\/wp-content\/uploads\/2020\/11\/Ballons-scaled-e1606381316415.jpg\" alt=\"\" srcset=\"https:\/\/suchtpraevention-eschwege.de\/wp-content\/uploads\/2020\/11\/Ballons-scaled-e1606381316415.jpg 768w, https:\/\/suchtpraevention-eschwege.de\/wp-content\/uploads\/2020\/11\/Ballons-scaled-e1606381316415-225x300.jpg 225w, https:\/\/suchtpraevention-eschwege.de\/wp-content\/uploads\/2020\/11\/Ballons-scaled-e1606381316415-1152x1536.jpg 1152w, https:\/\/suchtpraevention-eschwege.de\/wp-content\/uploads\/2020\/11\/Ballons-scaled-e1606381316415-1536x2048.jpg 1536w\" sizes=\"auto, (max-width: 150px) 100vw, 150px\" \/><\/p>\n\n\n\n<p>Ein f\u00fcr den Aktionstag entwickeltes Quiz zum Thema FASD und Kugelschreiber mit dem Schriftzug #BabyTrinktMit dienen als Gespr\u00e4chseinstieg mit den Jugendlichen \u00fcber eigene Erfahrung im Umgang mit Alkohol. Die Veranstaltenden rufen dazu auf, den Hashtag #BabyTrinktMit in sozialen Netzwerken einzusetzen und die Aufkl\u00e4rungsaktion digital zu unterst\u00fctzen.<\/p>\n\n\n\n<p>Unterst\u00fctzt wurde die Aktion mit Hilfe der sozialen Medien per Facebook und Instagram. Auch die Werra-Rundschau berichtete \u00fcber die Aktion. Den Artikel zum Nachlesen finden Sie <a href=\"https:\/\/suchtpraevention-eschwege.de\/wp-content\/uploads\/2020\/11\/Ausschnitt_WR_Seite_3_29242.0.pdf\">hier<\/a>.<\/p>\n\n\n\n<p><\/p>\n","protected":false},"excerpt":{"rendered":"<p>Am 09. September war das HaLT-Projekt am Heuberg in Eschwege unterwegs. Am HaLT-Aktionstag unter dem Motto \u201eBabyblau ist nur als Farbe sch\u00f6n \u2013 alkoholfrei durch die Schwangerschaft\u201c wurden rund um die Anne-Frank-Schule und die Beruflichen Schulen hellblaue Luftballons aufgeh\u00e4ngt und mit verschiedenen Spr\u00fcchen und Hashtags beschriftet. Die hessenweite Aktion am \u201eTag des alkoholgesch\u00e4digten Kindes\u201c sollte [&hellip;]<\/p>\n","protected":false},"author":9,"featured_media":2903,"comment_status":"closed","ping_status":"closed","sticky":false,"template":"","format":"standard","meta":{"footnotes":""},"categories":[1],"tags":[],"class_list":["post-2895","post","type-post","status-publish","format-standard","has-post-thumbnail","hentry","category-allgemein"],"_links":{"self":[{"href":"https:\/\/suchtpraevention-eschwege.de\/index.php?rest_route=\/wp\/v2\/posts\/2895","targetHints":{"allow":["GET"]}}],"collection":[{"href":"https:\/\/suchtpraevention-eschwege.de\/index.php?rest_route=\/wp\/v2\/posts"}],"about":[{"href":"https:\/\/suchtpraevention-eschwege.de\/index.php?rest_route=\/wp\/v2\/types\/post"}],"author":[{"embeddable":true,"href":"https:\/\/suchtpraevention-eschwege.de\/index.php?rest_route=\/wp\/v2\/users\/9"}],"replies":[{"embeddable":true,"href":"https:\/\/suchtpraevention-eschwege.de\/index.php?rest_route=%2Fwp%2Fv2%2Fcomments&post=2895"}],"version-history":[{"count":3,"href":"https:\/\/suchtpraevention-eschwege.de\/index.php?rest_route=\/wp\/v2\/posts\/2895\/revisions"}],"predecessor-version":[{"id":2902,"href":"https:\/\/suchtpraevention-eschwege.de\/index.php?rest_route=\/wp\/v2\/posts\/2895\/revisions\/2902"}],"wp:featuredmedia":[{"embeddable":true,"href":"https:\/\/suchtpraevention-eschwege.de\/index.php?rest_route=\/wp\/v2\/media\/2903"}],"wp:attachment":[{"href":"https:\/\/suchtpraevention-eschwege.de\/index.php?rest_route=%2Fwp%2Fv2%2Fmedia&parent=2895"}],"wp:term":[{"taxonomy":"category","embeddable":true,"href":"https:\/\/suchtpraevention-eschwege.de\/index.php?rest_route=%2Fwp%2Fv2%2Fcategories&post=2895"},{"taxonomy":"post_tag","embeddable":true,"href":"https:\/\/suchtpraevention-eschwege.de\/index.php?rest_route=%2Fwp%2Fv2%2Ftags&post=2895"}],"curies":[{"name":"wp","href":"https:\/\/api.w.org\/{rel}","templated":true}]}}