{"id":2922,"date":"2020-12-22T12:44:23","date_gmt":"2020-12-22T10:44:23","guid":{"rendered":"http:\/\/suchtpraevention-eschwege.de\/?p=2922"},"modified":"2020-12-22T12:49:35","modified_gmt":"2020-12-22T10:49:35","slug":"das-team-der-fachstelle-wuenscht-ein-frohes-weihnachtsfest","status":"publish","type":"post","link":"https:\/\/suchtpraevention-eschwege.de\/?p=2922","title":{"rendered":"Das Team der Fachstelle w\u00fcnscht ein frohes Weihnachtsfest"},"content":{"rendered":"\n<p>Liebe Besucher*innen unserer Homepage, liebe Eschweger*innen und nat\u00fcrlich alle Einwohner*innen des Werra-Mei\u00dfner-Kreises,<\/p>\n\n\n\n<p>Wir blicken auf ein sehr wechselhaftes, aufregendes und auch herausforderndes Jahr 2020 zur\u00fcck. In keinem anderen Jahr scheint die Vernetzung, Kooperation und Unterst\u00fctzung so von Bedeutung gewesen zu sein wie in diesem Jahr. Der Wechsel vom pers\u00f6nlichen Kontakt zur digitalen oder telefonischen Beratung war auch f\u00fcr uns zun\u00e4chst eine Umstellung. Dennoch konnten wir unsere Beratung in diesem Jahr durchweg aufrecht erhalten, was uns ein wichtiges Anliegen war und immer noch ist. Wir w\u00fcnschen Ihnen\/Euch allen ein besinnliches Weihnachtsfest und einen guten Start in 2021!<\/p>\n\n\n\n<p><strong><em>Ein Weihnachtsgru\u00df geht auf die Reise<br>mit W\u00fcnschen, die ihn festlich schm\u00fccken<br>und m\u00f6cht&#8216; in christlicher Weise<br>auf Menschen treffen und begl\u00fccken.<br>Das Neue Jahr soll gut Euch leiten<br>mit Gl\u00fcck, Erfolg und wachen Sinnen<br>und mag auch zu Silvesterzeiten<br>wie Sternenspr\u00fchen froh beginnen.<\/em><\/strong><\/p>\n\n\n\n<p>(Jutta Kieber)<\/p>\n\n\n\n<p><\/p>\n\n\n\n<p>Vom <strong>24.12. bis 27.12. hat unsere Fachstelle geschlossen<\/strong>. In dringenden F\u00e4llen bitten wir Sie, sich an das ZPP (Zentrum f\u00fcr Psychiatrie und Psychotherapie) Eschwege unter Tel: <strong>05651-82 1111<\/strong> zu wenden oder an die Telefonseelsorge unter Tel.: <strong>0800 \u2013 111 0 111 und 0800 &#8211; 111 0 222<\/strong> zu wenden. <\/p>\n\n\n\n<p>Vom <strong>28. bis 30.12.<\/strong> k\u00f6nnen Sie uns wieder telefonisch erreichen und auch gerne eine Nachricht auf dem AB hinterlassen. Wir rufen Sie zur\u00fcck. <\/p>\n\n\n\n<figure class=\"wp-block-image size-large\"><img loading=\"lazy\" decoding=\"async\" width=\"1024\" height=\"731\" src=\"https:\/\/suchtpraevention-eschwege.de\/wp-content\/uploads\/2020\/12\/Weihnachts-Teamfoto-1024x731.jpeg\" alt=\"\" class=\"wp-image-2923\" srcset=\"https:\/\/suchtpraevention-eschwege.de\/wp-content\/uploads\/2020\/12\/Weihnachts-Teamfoto-1024x731.jpeg 1024w, https:\/\/suchtpraevention-eschwege.de\/wp-content\/uploads\/2020\/12\/Weihnachts-Teamfoto-300x214.jpeg 300w, https:\/\/suchtpraevention-eschwege.de\/wp-content\/uploads\/2020\/12\/Weihnachts-Teamfoto-768x548.jpeg 768w, https:\/\/suchtpraevention-eschwege.de\/wp-content\/uploads\/2020\/12\/Weihnachts-Teamfoto-1536x1097.jpeg 1536w, https:\/\/suchtpraevention-eschwege.de\/wp-content\/uploads\/2020\/12\/Weihnachts-Teamfoto-2048x1462.jpeg 2048w\" sizes=\"auto, (max-width: 1024px) 100vw, 1024px\" \/><\/figure>\n\n\n\n<p><\/p>\n","protected":false},"excerpt":{"rendered":"<p>Liebe Besucher*innen unserer Homepage, liebe Eschweger*innen und nat\u00fcrlich alle Einwohner*innen des Werra-Mei\u00dfner-Kreises, Wir blicken auf ein sehr wechselhaftes, aufregendes und auch herausforderndes Jahr 2020 zur\u00fcck. In keinem anderen Jahr scheint die Vernetzung, Kooperation und Unterst\u00fctzung so von Bedeutung gewesen zu sein wie in diesem Jahr. Der Wechsel vom pers\u00f6nlichen Kontakt zur digitalen oder telefonischen Beratung [&hellip;]<\/p>\n","protected":false},"author":6,"featured_media":2923,"comment_status":"closed","ping_status":"closed","sticky":false,"template":"","format":"standard","meta":{"footnotes":""},"categories":[1,14],"tags":[],"class_list":["post-2922","post","type-post","status-publish","format-standard","has-post-thumbnail","hentry","category-allgemein","category-suchthilfe-eschwege"],"_links":{"self":[{"href":"https:\/\/suchtpraevention-eschwege.de\/index.php?rest_route=\/wp\/v2\/posts\/2922","targetHints":{"allow":["GET"]}}],"collection":[{"href":"https:\/\/suchtpraevention-eschwege.de\/index.php?rest_route=\/wp\/v2\/posts"}],"about":[{"href":"https:\/\/suchtpraevention-eschwege.de\/index.php?rest_route=\/wp\/v2\/types\/post"}],"author":[{"embeddable":true,"href":"https:\/\/suchtpraevention-eschwege.de\/index.php?rest_route=\/wp\/v2\/users\/6"}],"replies":[{"embeddable":true,"href":"https:\/\/suchtpraevention-eschwege.de\/index.php?rest_route=%2Fwp%2Fv2%2Fcomments&post=2922"}],"version-history":[{"count":5,"href":"https:\/\/suchtpraevention-eschwege.de\/index.php?rest_route=\/wp\/v2\/posts\/2922\/revisions"}],"predecessor-version":[{"id":2931,"href":"https:\/\/suchtpraevention-eschwege.de\/index.php?rest_route=\/wp\/v2\/posts\/2922\/revisions\/2931"}],"wp:featuredmedia":[{"embeddable":true,"href":"https:\/\/suchtpraevention-eschwege.de\/index.php?rest_route=\/wp\/v2\/media\/2923"}],"wp:attachment":[{"href":"https:\/\/suchtpraevention-eschwege.de\/index.php?rest_route=%2Fwp%2Fv2%2Fmedia&parent=2922"}],"wp:term":[{"taxonomy":"category","embeddable":true,"href":"https:\/\/suchtpraevention-eschwege.de\/index.php?rest_route=%2Fwp%2Fv2%2Fcategories&post=2922"},{"taxonomy":"post_tag","embeddable":true,"href":"https:\/\/suchtpraevention-eschwege.de\/index.php?rest_route=%2Fwp%2Fv2%2Ftags&post=2922"}],"curies":[{"name":"wp","href":"https:\/\/api.w.org\/{rel}","templated":true}]}}