{"id":2939,"date":"2021-02-03T16:39:07","date_gmt":"2021-02-03T14:39:07","guid":{"rendered":"http:\/\/suchtpraevention-eschwege.de\/?p=2939"},"modified":"2021-02-03T16:39:08","modified_gmt":"2021-02-03T14:39:08","slug":"suchtpraevention-erhaelt-1-500e-aus-der-aktion-advent-der-werra-rundschau","status":"publish","type":"post","link":"https:\/\/suchtpraevention-eschwege.de\/?p=2939","title":{"rendered":"Suchtpr\u00e4vention erh\u00e4lt 1.500\u20ac aus der &#8222;Aktion Advent&#8220; der Werra-Rundschau"},"content":{"rendered":"\n<p>Die Fachstelle f\u00fcr Suchtpr\u00e4vention hat von der Werra-Rundschau 1.500\u20ac aus der Aktion Advent bekommen. Daf\u00fcr m\u00f6chten wir uns herzlich bedanken! Das Geld findet Verwendung in Projekten zum Thema Mediennutzung und im Alkoholpr\u00e4ventionsprojekt HaLT &#8211; Hart am LimiT.<\/p>\n\n\n\n<figure class=\"wp-block-image size-large\"><img loading=\"lazy\" decoding=\"async\" width=\"640\" height=\"803\" src=\"https:\/\/suchtpraevention-eschwege.de\/wp-content\/uploads\/2021\/02\/Spenden\u00fcbergabe-WR-SP.png\" alt=\"\" class=\"wp-image-2942\" srcset=\"https:\/\/suchtpraevention-eschwege.de\/wp-content\/uploads\/2021\/02\/Spenden\u00fcbergabe-WR-SP.png 640w, https:\/\/suchtpraevention-eschwege.de\/wp-content\/uploads\/2021\/02\/Spenden\u00fcbergabe-WR-SP-239x300.png 239w\" sizes=\"auto, (max-width: 640px) 100vw, 640px\" \/><\/figure>\n\n\n\n<p>Den Presseartikel der Werra-Rundschau zur Spenden\u00fcbergabe finden Sie hier zum nachlesen.<\/p>\n\n\n\n<div class=\"wp-block-file\"><a href=\"https:\/\/suchtpraevention-eschwege.de\/wp-content\/uploads\/2021\/02\/Ausschnitt_WR_Seite_5_30012021.pdf\">Ausschnitt_WR_Seite_5_30012021<\/a><a href=\"https:\/\/suchtpraevention-eschwege.de\/wp-content\/uploads\/2021\/02\/Ausschnitt_WR_Seite_5_30012021.pdf\" class=\"wp-block-file__button\" download>Herunterladen<\/a><\/div>\n","protected":false},"excerpt":{"rendered":"<p>Die Fachstelle f\u00fcr Suchtpr\u00e4vention hat von der Werra-Rundschau 1.500\u20ac aus der Aktion Advent bekommen. Daf\u00fcr m\u00f6chten wir uns herzlich bedanken! Das Geld findet Verwendung in Projekten zum Thema Mediennutzung und im Alkoholpr\u00e4ventionsprojekt HaLT &#8211; Hart am LimiT. Den Presseartikel der Werra-Rundschau zur Spenden\u00fcbergabe finden Sie hier zum nachlesen.<\/p>\n","protected":false},"author":9,"featured_media":2942,"comment_status":"closed","ping_status":"closed","sticky":false,"template":"","format":"standard","meta":{"footnotes":""},"categories":[1,19,18],"tags":[],"class_list":["post-2939","post","type-post","status-publish","format-standard","has-post-thumbnail","hentry","category-allgemein","category-halt-hart-am-limit","category-medien"],"_links":{"self":[{"href":"https:\/\/suchtpraevention-eschwege.de\/index.php?rest_route=\/wp\/v2\/posts\/2939","targetHints":{"allow":["GET"]}}],"collection":[{"href":"https:\/\/suchtpraevention-eschwege.de\/index.php?rest_route=\/wp\/v2\/posts"}],"about":[{"href":"https:\/\/suchtpraevention-eschwege.de\/index.php?rest_route=\/wp\/v2\/types\/post"}],"author":[{"embeddable":true,"href":"https:\/\/suchtpraevention-eschwege.de\/index.php?rest_route=\/wp\/v2\/users\/9"}],"replies":[{"embeddable":true,"href":"https:\/\/suchtpraevention-eschwege.de\/index.php?rest_route=%2Fwp%2Fv2%2Fcomments&post=2939"}],"version-history":[{"count":3,"href":"https:\/\/suchtpraevention-eschwege.de\/index.php?rest_route=\/wp\/v2\/posts\/2939\/revisions"}],"predecessor-version":[{"id":2944,"href":"https:\/\/suchtpraevention-eschwege.de\/index.php?rest_route=\/wp\/v2\/posts\/2939\/revisions\/2944"}],"wp:featuredmedia":[{"embeddable":true,"href":"https:\/\/suchtpraevention-eschwege.de\/index.php?rest_route=\/wp\/v2\/media\/2942"}],"wp:attachment":[{"href":"https:\/\/suchtpraevention-eschwege.de\/index.php?rest_route=%2Fwp%2Fv2%2Fmedia&parent=2939"}],"wp:term":[{"taxonomy":"category","embeddable":true,"href":"https:\/\/suchtpraevention-eschwege.de\/index.php?rest_route=%2Fwp%2Fv2%2Fcategories&post=2939"},{"taxonomy":"post_tag","embeddable":true,"href":"https:\/\/suchtpraevention-eschwege.de\/index.php?rest_route=%2Fwp%2Fv2%2Ftags&post=2939"}],"curies":[{"name":"wp","href":"https:\/\/api.w.org\/{rel}","templated":true}]}}