{"id":2947,"date":"2021-02-12T11:37:47","date_gmt":"2021-02-12T09:37:47","guid":{"rendered":"http:\/\/suchtpraevention-eschwege.de\/?p=2947"},"modified":"2021-02-12T11:37:49","modified_gmt":"2021-02-12T09:37:49","slug":"vergessenen-kindern-eine-stimme-geben","status":"publish","type":"post","link":"https:\/\/suchtpraevention-eschwege.de\/?p=2947","title":{"rendered":"\u201eVergessenen Kindern eine Stimme geben\u2026\u201c"},"content":{"rendered":"\n<p>12. bundesweite Aktionswoche f\u00fcr Kinder aus suchtkranken Familien vom 14. bis 20. Februar 2021<\/p>\n\n\n\n<figure class=\"wp-block-image size-large\"><img loading=\"lazy\" decoding=\"async\" width=\"567\" height=\"797\" src=\"https:\/\/suchtpraevention-eschwege.de\/wp-content\/uploads\/2021\/02\/201130_poster_aktionswoche_2021.jpg\" alt=\"\" class=\"wp-image-2948\" srcset=\"https:\/\/suchtpraevention-eschwege.de\/wp-content\/uploads\/2021\/02\/201130_poster_aktionswoche_2021.jpg 567w, https:\/\/suchtpraevention-eschwege.de\/wp-content\/uploads\/2021\/02\/201130_poster_aktionswoche_2021-213x300.jpg 213w\" sizes=\"auto, (max-width: 567px) 100vw, 567px\" \/><\/figure>\n\n\n\n<p>Etwa drei Millionen Kinder und Jugendliche in Deutschland wachsen in einem Haushalt mit suchtkranken Eltern auf. F\u00fcr sie stellten und stellen die Lockdowns und Kontaktbeschr\u00e4nkungen der vergangenen Monate eine besondere Belastung dar. Der Stress in den Familien stieg und damit auch der Alkohol- und Drogenkonsum der suchtkranken Eltern.<\/p>\n\n\n\n<p>Schon zu Beginn der Pandemie warnte die Weltgesundheitsorganisation vor erh\u00f6htem Alkoholkonsum als Reaktion auf den zunehmenden Stress. Eine Umfrage der Paracelsus Medizinische Privatuniversit\u00e4t (PMU) in N\u00fcrnberg und des Zentralinstituts f\u00fcr seelische Gesundheit in Mannheim im Fr\u00fchjahr vergangenen Jahres best\u00e4tigte diese Bef\u00fcrchtungen. \u00dcber 37 Prozent der Befragten gab an, dass ihr Alkoholkonsum in den Wochen des Lockdowns gestiegen sei.<\/p>\n\n\n\n<p>F\u00fcr Kinder aus Suchtfamilien bedeutete dies eine noch st\u00e4rkere Bedrohung durch die Folgen der Sucht, etwa h\u00e4usliche Gewalt. Mehrere Bundesl\u00e4nder meldeten eine deutliche Zunahme von entsprechenden Anzeigen. Gleichzeitig verst\u00e4rkte die zeitweilige Schlie\u00dfung von Bildungs- und Freizeiteinrichtungen und die Beschr\u00e4nkung von Kontakten die Isolation der betroffenen Kinder und Jugendlichen. Zur inneren Isolation, die ihr Leben schon vor der Pandemie pr\u00e4gte, kam nun noch die \u00e4u\u00dfere hinzu. Wesentliche Resilienzfaktoren, wie gesunde Beziehungen au\u00dferhalb der Familie und M\u00f6glichkeiten zur Distanz zum h\u00e4uslichen Geschehen, fielen weg oder konnten nur sehr eingeschr\u00e4nkt aufrechterhalten werden.<\/p>\n\n\n\n<p>Viele Kinder und Jugendliche suchten zunehmend Hilfe im Internet. Das Online-Beratungsteam von NACOA (Interessenvertretung f\u00fcr Kinder aus Suchtfamilien) verzeichnete allein in den Monaten M\u00e4rz und April 2020 doppelt so viele E-Mails wie vor der Pandemie, die Anzahl der begleiteten Kinder und Jugendlichen stieg um knapp 40 Prozent. Die Kinder und Jugendlichen litten zuhause unter der zunehmend aggressiven Atmosph\u00e4re, Gewalt und sozialer Isolation. Sorgen um Infektionsrisiken und durchlebte Erkrankungen f\u00fchrten zu erheblichen psychischen Belastungen, nicht selten zu schweren Depressionen.<\/p>\n\n\n\n<p>Die Auswirkungen der Pandemie f\u00f6rdern die Notwendigkeit eines fl\u00e4chendeckenden Netzes an Hilfeangeboten f\u00fcr Kinder und Jugendliche aus Suchtfamilien zu Tage. Sie brauchen Fachkr\u00e4fte, die auch bei eingeschr\u00e4nkten Begegnungsm\u00f6glichkeiten den Kontakt halten, sensibilisiert sind f\u00fcr etwaige Gef\u00e4hrdungssituationen in den Familien und zumindest telefonisch oder \u00fcber das Internet erreichbar sind.<\/p>\n\n\n\n<p>In der Aktionswoche weisen wir in der \u00d6ffentlichkeit \u00fcber Presse und Soziale Netzwerke auf die Situation von Kindern aus Suchtfamilien hin. Gefragt sind \u2013 gerade in Zeiten der Pandemie &#8211; kreative Ideen und Wege, um dem Thema mehr Aufmerksamkeit zu verschaffen, Wissen zu vermitteln, Hoffnung zu verbreiten und betroffenen Kindern und deren Familien Wege zu Hilfe und Genesung zu weisen.<\/p>\n\n\n\n<p>Alle Informationen zu Veranstaltungen und Anregungen zum Mitmachen finden sich auf der Website <a href=\"http:\/\/www.coa-aktionswoche.de\">www.coa-aktionswoche.de<\/a><\/p>\n\n\n\n<p>Die Schauspielerin Katrin Sass ist Schirmherrin der Aktionswoche.<\/p>\n","protected":false},"excerpt":{"rendered":"<p>12. bundesweite Aktionswoche f\u00fcr Kinder aus suchtkranken Familien vom 14. bis 20. Februar 2021 Etwa drei Millionen Kinder und Jugendliche in Deutschland wachsen in einem Haushalt mit suchtkranken Eltern auf. F\u00fcr sie stellten und stellen die Lockdowns und Kontaktbeschr\u00e4nkungen der vergangenen Monate eine besondere Belastung dar. Der Stress in den Familien stieg und damit auch [&hellip;]<\/p>\n","protected":false},"author":9,"featured_media":2948,"comment_status":"closed","ping_status":"closed","sticky":false,"template":"","format":"standard","meta":{"footnotes":""},"categories":[1],"tags":[],"class_list":["post-2947","post","type-post","status-publish","format-standard","has-post-thumbnail","hentry","category-allgemein"],"_links":{"self":[{"href":"https:\/\/suchtpraevention-eschwege.de\/index.php?rest_route=\/wp\/v2\/posts\/2947","targetHints":{"allow":["GET"]}}],"collection":[{"href":"https:\/\/suchtpraevention-eschwege.de\/index.php?rest_route=\/wp\/v2\/posts"}],"about":[{"href":"https:\/\/suchtpraevention-eschwege.de\/index.php?rest_route=\/wp\/v2\/types\/post"}],"author":[{"embeddable":true,"href":"https:\/\/suchtpraevention-eschwege.de\/index.php?rest_route=\/wp\/v2\/users\/9"}],"replies":[{"embeddable":true,"href":"https:\/\/suchtpraevention-eschwege.de\/index.php?rest_route=%2Fwp%2Fv2%2Fcomments&post=2947"}],"version-history":[{"count":1,"href":"https:\/\/suchtpraevention-eschwege.de\/index.php?rest_route=\/wp\/v2\/posts\/2947\/revisions"}],"predecessor-version":[{"id":2949,"href":"https:\/\/suchtpraevention-eschwege.de\/index.php?rest_route=\/wp\/v2\/posts\/2947\/revisions\/2949"}],"wp:featuredmedia":[{"embeddable":true,"href":"https:\/\/suchtpraevention-eschwege.de\/index.php?rest_route=\/wp\/v2\/media\/2948"}],"wp:attachment":[{"href":"https:\/\/suchtpraevention-eschwege.de\/index.php?rest_route=%2Fwp%2Fv2%2Fmedia&parent=2947"}],"wp:term":[{"taxonomy":"category","embeddable":true,"href":"https:\/\/suchtpraevention-eschwege.de\/index.php?rest_route=%2Fwp%2Fv2%2Fcategories&post=2947"},{"taxonomy":"post_tag","embeddable":true,"href":"https:\/\/suchtpraevention-eschwege.de\/index.php?rest_route=%2Fwp%2Fv2%2Ftags&post=2947"}],"curies":[{"name":"wp","href":"https:\/\/api.w.org\/{rel}","templated":true}]}}