{"id":3333,"date":"2022-05-06T12:31:37","date_gmt":"2022-05-06T10:31:37","guid":{"rendered":"http:\/\/suchtpraevention-eschwege.de\/?p=3333"},"modified":"2022-05-11T21:03:51","modified_gmt":"2022-05-11T19:03:51","slug":"neuer-wind-weht-im-team","status":"publish","type":"post","link":"https:\/\/suchtpraevention-eschwege.de\/?p=3333","title":{"rendered":"Neuer Wind weht im Team"},"content":{"rendered":"\n<p>Seit Mai 2022 hei\u00dfen wir Hendrik Blusch in unserem Team willkommen! Er wird zun\u00e4chst als Elternzeitvertretung f\u00fcr Anna Samland deren Aufgaben \u00fcbernehmen zu welchen u.A. auch die Psychosoziale Begleitbetreuung im Rahmen der Substitution geh\u00f6rt.<\/p>\n\n\n\n<p>Hendrik Blusch hat Soziale Arbeit studiert und im Vorfeld im Bereich der Sucht Kenntnisse in unterschiedlichen Bereichen erwerben k\u00f6nnen. Zuletzt war er als staatlich anerkannter Sozialarbeiter\/Sozialp\u00e4dagoge f\u00fcr das Klinikum Werra-Mei\u00dfner t\u00e4tig.<\/p>\n\n\n\n<figure class=\"wp-block-image size-large is-resized\"><img loading=\"lazy\" decoding=\"async\" src=\"https:\/\/suchtpraevention-eschwege.de\/wp-content\/uploads\/2022\/05\/IMG-0694-737x1024.jpg\" alt=\"\" class=\"wp-image-3334\" width=\"260\" height=\"360\" srcset=\"https:\/\/suchtpraevention-eschwege.de\/wp-content\/uploads\/2022\/05\/IMG-0694-737x1024.jpg 737w, https:\/\/suchtpraevention-eschwege.de\/wp-content\/uploads\/2022\/05\/IMG-0694-216x300.jpg 216w, https:\/\/suchtpraevention-eschwege.de\/wp-content\/uploads\/2022\/05\/IMG-0694-768x1067.jpg 768w, https:\/\/suchtpraevention-eschwege.de\/wp-content\/uploads\/2022\/05\/IMG-0694-1106x1536.jpg 1106w, https:\/\/suchtpraevention-eschwege.de\/wp-content\/uploads\/2022\/05\/IMG-0694-1475x2048.jpg 1475w, https:\/\/suchtpraevention-eschwege.de\/wp-content\/uploads\/2022\/05\/IMG-0694-scaled.jpg 1843w\" sizes=\"auto, (max-width: 260px) 100vw, 260px\" \/><\/figure>\n\n\n\n<p>\u201e<em>Ich freue mich sehr auf die neue Herausforderung, die Zusammenarbeit mit den Klient:innen und die M\u00f6glichkeit meine Erfahrungen in das Team der Fachstelle einbringen zu d\u00fcrfen.<\/em>\u201c\u00a0<\/p>\n","protected":false},"excerpt":{"rendered":"<p>Seit Mai 2022 hei\u00dfen wir Hendrik Blusch in unserem Team willkommen! Er wird zun\u00e4chst als Elternzeitvertretung f\u00fcr Anna Samland deren Aufgaben \u00fcbernehmen zu welchen u.A. auch die Psychosoziale Begleitbetreuung im Rahmen der Substitution geh\u00f6rt. Hendrik Blusch hat Soziale Arbeit studiert und im Vorfeld im Bereich der Sucht Kenntnisse in unterschiedlichen Bereichen erwerben k\u00f6nnen. Zuletzt war [&hellip;]<\/p>\n","protected":false},"author":6,"featured_media":3334,"comment_status":"closed","ping_status":"closed","sticky":false,"template":"","format":"standard","meta":{"footnotes":""},"categories":[1,14],"tags":[],"class_list":["post-3333","post","type-post","status-publish","format-standard","has-post-thumbnail","hentry","category-allgemein","category-suchthilfe-eschwege"],"_links":{"self":[{"href":"https:\/\/suchtpraevention-eschwege.de\/index.php?rest_route=\/wp\/v2\/posts\/3333","targetHints":{"allow":["GET"]}}],"collection":[{"href":"https:\/\/suchtpraevention-eschwege.de\/index.php?rest_route=\/wp\/v2\/posts"}],"about":[{"href":"https:\/\/suchtpraevention-eschwege.de\/index.php?rest_route=\/wp\/v2\/types\/post"}],"author":[{"embeddable":true,"href":"https:\/\/suchtpraevention-eschwege.de\/index.php?rest_route=\/wp\/v2\/users\/6"}],"replies":[{"embeddable":true,"href":"https:\/\/suchtpraevention-eschwege.de\/index.php?rest_route=%2Fwp%2Fv2%2Fcomments&post=3333"}],"version-history":[{"count":3,"href":"https:\/\/suchtpraevention-eschwege.de\/index.php?rest_route=\/wp\/v2\/posts\/3333\/revisions"}],"predecessor-version":[{"id":3374,"href":"https:\/\/suchtpraevention-eschwege.de\/index.php?rest_route=\/wp\/v2\/posts\/3333\/revisions\/3374"}],"wp:featuredmedia":[{"embeddable":true,"href":"https:\/\/suchtpraevention-eschwege.de\/index.php?rest_route=\/wp\/v2\/media\/3334"}],"wp:attachment":[{"href":"https:\/\/suchtpraevention-eschwege.de\/index.php?rest_route=%2Fwp%2Fv2%2Fmedia&parent=3333"}],"wp:term":[{"taxonomy":"category","embeddable":true,"href":"https:\/\/suchtpraevention-eschwege.de\/index.php?rest_route=%2Fwp%2Fv2%2Fcategories&post=3333"},{"taxonomy":"post_tag","embeddable":true,"href":"https:\/\/suchtpraevention-eschwege.de\/index.php?rest_route=%2Fwp%2Fv2%2Ftags&post=3333"}],"curies":[{"name":"wp","href":"https:\/\/api.w.org\/{rel}","templated":true}]}}