{"id":3401,"date":"2022-06-01T15:18:04","date_gmt":"2022-06-01T13:18:04","guid":{"rendered":"http:\/\/suchtpraevention-eschwege.de\/?p=3401"},"modified":"2022-06-01T15:23:45","modified_gmt":"2022-06-01T13:23:45","slug":"neues-teammitglied-in-der-suchtpraevention","status":"publish","type":"post","link":"https:\/\/suchtpraevention-eschwege.de\/?p=3401","title":{"rendered":"Neues Teammitglied f\u00fcr die Suchtpr\u00e4vention"},"content":{"rendered":"\n<p>Seit dem 01.06. unterst\u00fctzt Vanessa Fries mit 32 Wochenstunden das Team und \u00fcbernimmt die Aufgabenbereiche von Vanessa M\u00f6rbel, welche zum 31.05. die Fachstelle verlassen hat. <\/p>\n\n\n\n<p>Vanessa Fries hat dieses Jahr ihr Studium zur Gesundheitsf\u00f6rderin an der Hochschule Fulda erfolgreich beendet und konnte in ihrem Praxissemester beim Gesundheitsamt Eschwege die kommunale Arbeit im Bereich der Gesundheitsf\u00f6rderung und Pr\u00e4vention im Werra-Mei\u00dfner-Kreis kennenlernen. Seit 2018 ist sie bereits bei der Fachstelle im saisonalen Betrieb der mobilen Cocktailbar Juice Box t\u00e4tig und konnte dadurch weitere Einblicke in die Alkoholpr\u00e4vention gewinnen. <\/p>\n\n\n\n<p>Vanessa Fries \u00fcbernimmt unter anderem die Projektkoordination von &#8222;HaLT- Hart am Limit&#8220; f\u00fcr den Werra-Mei\u00dfner-Kreis und ist somit Ansprechpartnerin f\u00fcr Schulworkshops in den Bereichen der Alkohol- und Drogenpr\u00e4vention. <\/p>\n\n\n\n<figure class=\"wp-block-image size-large is-resized\"><img loading=\"lazy\" decoding=\"async\" src=\"https:\/\/suchtpraevention-eschwege.de\/wp-content\/uploads\/2022\/06\/IMG-1069-693x1024.jpg\" alt=\"\" class=\"wp-image-3380\" width=\"234\" height=\"346\" srcset=\"https:\/\/suchtpraevention-eschwege.de\/wp-content\/uploads\/2022\/06\/IMG-1069-693x1024.jpg 693w, https:\/\/suchtpraevention-eschwege.de\/wp-content\/uploads\/2022\/06\/IMG-1069-203x300.jpg 203w, https:\/\/suchtpraevention-eschwege.de\/wp-content\/uploads\/2022\/06\/IMG-1069-768x1134.jpg 768w, https:\/\/suchtpraevention-eschwege.de\/wp-content\/uploads\/2022\/06\/IMG-1069-1040x1536.jpg 1040w, https:\/\/suchtpraevention-eschwege.de\/wp-content\/uploads\/2022\/06\/IMG-1069-1387x2048.jpg 1387w, https:\/\/suchtpraevention-eschwege.de\/wp-content\/uploads\/2022\/06\/IMG-1069-scaled.jpg 694w\" sizes=\"auto, (max-width: 234px) 100vw, 234px\" \/><\/figure>\n\n\n\n<p><em>&#8222;Ich freue mich sehr auf die Zusammenarbeit im Team und die M\u00f6glichkeit, neue Berufserfahrungen zu sammeln. Ich m\u00f6chte mit meiner Arbeit einen wichtigen Beitrag zur Suchtpr\u00e4vention im Werra-Mei\u00dfner-Kreis leisten.&#8220;<\/em><\/p>\n","protected":false},"excerpt":{"rendered":"<p>Seit dem 01.06. unterst\u00fctzt Vanessa Fries mit 32 Wochenstunden das Team und \u00fcbernimmt die Aufgabenbereiche von Vanessa M\u00f6rbel, welche zum 31.05. die Fachstelle verlassen hat. Vanessa Fries hat dieses Jahr ihr Studium zur Gesundheitsf\u00f6rderin an der Hochschule Fulda erfolgreich beendet und konnte in ihrem Praxissemester beim Gesundheitsamt Eschwege die kommunale Arbeit im Bereich der Gesundheitsf\u00f6rderung [&hellip;]<\/p>\n","protected":false},"author":6,"featured_media":3380,"comment_status":"closed","ping_status":"closed","sticky":false,"template":"","format":"standard","meta":{"footnotes":""},"categories":[11,1,19],"tags":[],"class_list":["post-3401","post","type-post","status-publish","format-standard","has-post-thumbnail","hentry","category-alkoholpravention","category-allgemein","category-halt-hart-am-limit"],"_links":{"self":[{"href":"https:\/\/suchtpraevention-eschwege.de\/index.php?rest_route=\/wp\/v2\/posts\/3401","targetHints":{"allow":["GET"]}}],"collection":[{"href":"https:\/\/suchtpraevention-eschwege.de\/index.php?rest_route=\/wp\/v2\/posts"}],"about":[{"href":"https:\/\/suchtpraevention-eschwege.de\/index.php?rest_route=\/wp\/v2\/types\/post"}],"author":[{"embeddable":true,"href":"https:\/\/suchtpraevention-eschwege.de\/index.php?rest_route=\/wp\/v2\/users\/6"}],"replies":[{"embeddable":true,"href":"https:\/\/suchtpraevention-eschwege.de\/index.php?rest_route=%2Fwp%2Fv2%2Fcomments&post=3401"}],"version-history":[{"count":3,"href":"https:\/\/suchtpraevention-eschwege.de\/index.php?rest_route=\/wp\/v2\/posts\/3401\/revisions"}],"predecessor-version":[{"id":3405,"href":"https:\/\/suchtpraevention-eschwege.de\/index.php?rest_route=\/wp\/v2\/posts\/3401\/revisions\/3405"}],"wp:featuredmedia":[{"embeddable":true,"href":"https:\/\/suchtpraevention-eschwege.de\/index.php?rest_route=\/wp\/v2\/media\/3380"}],"wp:attachment":[{"href":"https:\/\/suchtpraevention-eschwege.de\/index.php?rest_route=%2Fwp%2Fv2%2Fmedia&parent=3401"}],"wp:term":[{"taxonomy":"category","embeddable":true,"href":"https:\/\/suchtpraevention-eschwege.de\/index.php?rest_route=%2Fwp%2Fv2%2Fcategories&post=3401"},{"taxonomy":"post_tag","embeddable":true,"href":"https:\/\/suchtpraevention-eschwege.de\/index.php?rest_route=%2Fwp%2Fv2%2Ftags&post=3401"}],"curies":[{"name":"wp","href":"https:\/\/api.w.org\/{rel}","templated":true}]}}