{"id":3496,"date":"2023-06-16T09:30:14","date_gmt":"2023-06-16T07:30:14","guid":{"rendered":"http:\/\/suchtpraevention-eschwege.de\/?p=3496"},"modified":"2023-06-16T09:30:16","modified_gmt":"2023-06-16T07:30:16","slug":"jahresbericht-der-suchthilfe-und-praevention-2022","status":"publish","type":"post","link":"https:\/\/suchtpraevention-eschwege.de\/?p=3496","title":{"rendered":"Jahresbericht der Suchthilfe und Pr\u00e4vention 2022"},"content":{"rendered":"\n<p>Der <strong>Jahresbericht der Suchthilfe und Pr\u00e4vention<\/strong> ist heute erschienen. Erstmals wurde ein gemeinsamer Bericht beider Schwerpunkte innerhalb der Fachstelle erstellt. Wir freuen uns, ihn ver\u00f6ffentlichen zu k\u00f6nnen und sind gespannt auf die R\u00fcckmeldung. <\/p>\n\n\n\n<div class=\"wp-block-file\"><a href=\"https:\/\/suchtpraevention-eschwege.de\/wp-content\/uploads\/2023\/06\/Jahresbericht-2022_Fachstelle-f\u00fcr-Suchthilfe-und-Pr\u00e4vention.pdf\">Jahresbericht-2022_Fachstelle-f\u00fcr-Suchthilfe-und-Pr\u00e4vention<\/a><a href=\"https:\/\/suchtpraevention-eschwege.de\/wp-content\/uploads\/2023\/06\/Jahresbericht-2022_Fachstelle-f\u00fcr-Suchthilfe-und-Pr\u00e4vention.pdf\" class=\"wp-block-file__button\" download>Herunterladen<\/a><\/div>\n\n\n\n<figure class=\"wp-block-image size-large\"><img loading=\"lazy\" decoding=\"async\" width=\"1024\" height=\"627\" src=\"https:\/\/suchtpraevention-eschwege.de\/wp-content\/uploads\/2023\/06\/Bild-Jahresbericht-2022-1024x627.jpg\" alt=\"\" class=\"wp-image-3499\" srcset=\"https:\/\/suchtpraevention-eschwege.de\/wp-content\/uploads\/2023\/06\/Bild-Jahresbericht-2022-1024x627.jpg 1024w, https:\/\/suchtpraevention-eschwege.de\/wp-content\/uploads\/2023\/06\/Bild-Jahresbericht-2022-300x184.jpg 300w, https:\/\/suchtpraevention-eschwege.de\/wp-content\/uploads\/2023\/06\/Bild-Jahresbericht-2022-768x470.jpg 768w, https:\/\/suchtpraevention-eschwege.de\/wp-content\/uploads\/2023\/06\/Bild-Jahresbericht-2022-194x120.jpg 194w, https:\/\/suchtpraevention-eschwege.de\/wp-content\/uploads\/2023\/06\/Bild-Jahresbericht-2022.jpg 1419w\" sizes=\"auto, (max-width: 1024px) 100vw, 1024px\" \/><\/figure>\n","protected":false},"excerpt":{"rendered":"<p>Der Jahresbericht der Suchthilfe und Pr\u00e4vention ist heute erschienen. Erstmals wurde ein gemeinsamer Bericht beider Schwerpunkte innerhalb der Fachstelle erstellt. Wir freuen uns, ihn ver\u00f6ffentlichen zu k\u00f6nnen und sind gespannt auf die R\u00fcckmeldung.<\/p>\n","protected":false},"author":6,"featured_media":3499,"comment_status":"closed","ping_status":"closed","sticky":false,"template":"","format":"standard","meta":{"footnotes":""},"categories":[1],"tags":[48,49,47],"class_list":["post-3496","post","type-post","status-publish","format-standard","has-post-thumbnail","hentry","category-allgemein","tag-jahresbericht","tag-suchthilfe","tag-suchtpraevention"],"_links":{"self":[{"href":"https:\/\/suchtpraevention-eschwege.de\/index.php?rest_route=\/wp\/v2\/posts\/3496","targetHints":{"allow":["GET"]}}],"collection":[{"href":"https:\/\/suchtpraevention-eschwege.de\/index.php?rest_route=\/wp\/v2\/posts"}],"about":[{"href":"https:\/\/suchtpraevention-eschwege.de\/index.php?rest_route=\/wp\/v2\/types\/post"}],"author":[{"embeddable":true,"href":"https:\/\/suchtpraevention-eschwege.de\/index.php?rest_route=\/wp\/v2\/users\/6"}],"replies":[{"embeddable":true,"href":"https:\/\/suchtpraevention-eschwege.de\/index.php?rest_route=%2Fwp%2Fv2%2Fcomments&post=3496"}],"version-history":[{"count":2,"href":"https:\/\/suchtpraevention-eschwege.de\/index.php?rest_route=\/wp\/v2\/posts\/3496\/revisions"}],"predecessor-version":[{"id":3500,"href":"https:\/\/suchtpraevention-eschwege.de\/index.php?rest_route=\/wp\/v2\/posts\/3496\/revisions\/3500"}],"wp:featuredmedia":[{"embeddable":true,"href":"https:\/\/suchtpraevention-eschwege.de\/index.php?rest_route=\/wp\/v2\/media\/3499"}],"wp:attachment":[{"href":"https:\/\/suchtpraevention-eschwege.de\/index.php?rest_route=%2Fwp%2Fv2%2Fmedia&parent=3496"}],"wp:term":[{"taxonomy":"category","embeddable":true,"href":"https:\/\/suchtpraevention-eschwege.de\/index.php?rest_route=%2Fwp%2Fv2%2Fcategories&post=3496"},{"taxonomy":"post_tag","embeddable":true,"href":"https:\/\/suchtpraevention-eschwege.de\/index.php?rest_route=%2Fwp%2Fv2%2Ftags&post=3496"}],"curies":[{"name":"wp","href":"https:\/\/api.w.org\/{rel}","templated":true}]}}