{"id":3523,"date":"2023-08-31T14:43:35","date_gmt":"2023-08-31T12:43:35","guid":{"rendered":"http:\/\/suchtpraevention-eschwege.de\/?p=3523"},"modified":"2023-09-05T14:31:51","modified_gmt":"2023-09-05T12:31:51","slug":"kostenfreier-fachvortrag-zum-thema-co-abhaengigkeit-in-eschwege","status":"publish","type":"post","link":"https:\/\/suchtpraevention-eschwege.de\/?p=3523","title":{"rendered":"Kostenfreier Fachvortrag zum Thema &#8222;Co-Abh\u00e4ngigkeit&#8220; in Eschwege"},"content":{"rendered":"\n<p>Der Verein Aufwind und das Klinikum Werra-Mei\u00dfner veranstalten einen kostenfreien Vortragsabend am 06.09. f\u00fcr Interessierte, Angeh\u00f6rige und Fachpersonen zum Thema &#8222;Co-Abh\u00e4ngigkeit&#8220;. <\/p>\n\n\n\n<p><strong>Update 05.09.2023<\/strong>: Aufgrund der kurzfristigen Absage von Frau R\u00fchling-Ngassa wird unsere Fachstellenleitung, Andrea B\u00f6hnke, als Referentin einspringen. Frau B\u00f6hnke ist Psychologische Psychotherapeutin, hat in der Beratungsstelle seit mehr als 20 Jahren neben der ambulanten Suchttherapie auch die Angeh\u00f6rigenarbeit als Schwerpunkt. Der Fachvortrag soll auch zum gemeinsamen Austausch einladen. Betroffene, Angeh\u00f6rige und Fachpersonal sind herzlich eingeladen.<\/p>\n\n\n\n<figure class=\"wp-block-image size-large\"><img loading=\"lazy\" decoding=\"async\" width=\"657\" height=\"889\" src=\"https:\/\/suchtpraevention-eschwege.de\/wp-content\/uploads\/2023\/08\/Veranstaltung-Aufwind.jpg\" alt=\"\" class=\"wp-image-3524\" srcset=\"https:\/\/suchtpraevention-eschwege.de\/wp-content\/uploads\/2023\/08\/Veranstaltung-Aufwind.jpg 657w, https:\/\/suchtpraevention-eschwege.de\/wp-content\/uploads\/2023\/08\/Veranstaltung-Aufwind-222x300.jpg 222w\" sizes=\"auto, (max-width: 657px) 100vw, 657px\" \/><\/figure>\n","protected":false},"excerpt":{"rendered":"<p>Der Verein Aufwind und das Klinikum Werra-Mei\u00dfner veranstalten einen kostenfreien Vortragsabend am 06.09. f\u00fcr Interessierte, Angeh\u00f6rige und Fachpersonen zum Thema &#8222;Co-Abh\u00e4ngigkeit&#8220;. Update 05.09.2023: Aufgrund der kurzfristigen Absage von Frau R\u00fchling-Ngassa wird unsere Fachstellenleitung, Andrea B\u00f6hnke, als Referentin einspringen. Frau B\u00f6hnke ist Psychologische Psychotherapeutin, hat in der Beratungsstelle seit mehr als 20 Jahren neben der ambulanten [&hellip;]<\/p>\n","protected":false},"author":6,"featured_media":0,"comment_status":"closed","ping_status":"closed","sticky":false,"template":"","format":"standard","meta":{"footnotes":""},"categories":[1,14],"tags":[74,49],"class_list":["post-3523","post","type-post","status-publish","format-standard","hentry","category-allgemein","category-suchthilfe-eschwege","tag-angehoerige","tag-suchthilfe"],"_links":{"self":[{"href":"https:\/\/suchtpraevention-eschwege.de\/index.php?rest_route=\/wp\/v2\/posts\/3523","targetHints":{"allow":["GET"]}}],"collection":[{"href":"https:\/\/suchtpraevention-eschwege.de\/index.php?rest_route=\/wp\/v2\/posts"}],"about":[{"href":"https:\/\/suchtpraevention-eschwege.de\/index.php?rest_route=\/wp\/v2\/types\/post"}],"author":[{"embeddable":true,"href":"https:\/\/suchtpraevention-eschwege.de\/index.php?rest_route=\/wp\/v2\/users\/6"}],"replies":[{"embeddable":true,"href":"https:\/\/suchtpraevention-eschwege.de\/index.php?rest_route=%2Fwp%2Fv2%2Fcomments&post=3523"}],"version-history":[{"count":5,"href":"https:\/\/suchtpraevention-eschwege.de\/index.php?rest_route=\/wp\/v2\/posts\/3523\/revisions"}],"predecessor-version":[{"id":3530,"href":"https:\/\/suchtpraevention-eschwege.de\/index.php?rest_route=\/wp\/v2\/posts\/3523\/revisions\/3530"}],"wp:attachment":[{"href":"https:\/\/suchtpraevention-eschwege.de\/index.php?rest_route=%2Fwp%2Fv2%2Fmedia&parent=3523"}],"wp:term":[{"taxonomy":"category","embeddable":true,"href":"https:\/\/suchtpraevention-eschwege.de\/index.php?rest_route=%2Fwp%2Fv2%2Fcategories&post=3523"},{"taxonomy":"post_tag","embeddable":true,"href":"https:\/\/suchtpraevention-eschwege.de\/index.php?rest_route=%2Fwp%2Fv2%2Ftags&post=3523"}],"curies":[{"name":"wp","href":"https:\/\/api.w.org\/{rel}","templated":true}]}}