{"id":533,"date":"2013-04-22T15:40:58","date_gmt":"2013-04-22T13:40:58","guid":{"rendered":"http:\/\/suchtpraevention-eschwege.de\/?p=533"},"modified":"2013-04-22T16:09:18","modified_gmt":"2013-04-22T14:09:18","slug":"neue-kurse-zur-raucherentwohnung","status":"publish","type":"post","link":"https:\/\/suchtpraevention-eschwege.de\/?p=533","title":{"rendered":"Neue Kurse zur Raucherentw\u00f6hnung"},"content":{"rendered":"<p>Immer weniger Frauen und M\u00e4nner greifen zur Zigarette. \u201eRauchfrei\u201c werden ist f\u00fcr viele das angestrebte Ziel. Etwa jeder dritte Raucher will in absehbarer Zeit endg\u00fcltig mit dem Rauchen Schluss machen.<\/p>\n<p>Daher bietet die Fachstelle zwei neue Kurse zur Raucherentw\u00f6hnung an. Die Kurse sind eine Anleitung zur verhaltenstherapeutischen \u00c4nderung des Rauchverhaltens. In wissenschaftlichen Untersuchungen weisen sie die h\u00f6chsten Erfolgsquoten f\u00fcr eine dauerhafte Rauchfreiheit auf.<!--more--><b><br \/>\nKurs 1: Mittwoch, 8.5. \u2013 26.6.2013 jeweils um 19.30 Uhr<br \/>\nFachstelle f\u00fcr Suchthilfe und Pr\u00e4vention, Leuchtbergstr. 10b, Eschwege<\/b><\/p>\n<p><b>Kurs 2: Donnerstag, 16.5. \u2013 11.7.2013 jeweils um 19.30 Uhr<br \/>\nDiakoniestation, Wahlhauser Str. 13, Bad Sooden-Allendorf<\/b><\/p>\n<p><b>Informationsabend mit Dr. Joachim Stumpner<br \/>\n<\/b>Ein unverbindlicher <b>Informationsabend<\/b> findet am <b>Dienstag, den 30.4.2013 um 19.30 Uhr<\/b><b> <\/b>in den R\u00e4umen der Fachstelle f\u00fcr Suchthilfe statt. Dort erfahren die potentiellen Teilnehmer N\u00e4heres \u00fcber den Hintergrund und den Ablauf des Kurses.<br \/>\nDr. Stumpner informiert \u00fcber Zusammenh\u00e4nge zwischen Lungenerkrankungen (wie COPD) und Rauchen und steht f\u00fcr medizinische Fragen zur Verf\u00fcgung.<\/p>\n<p>Von einem solchen Kurs profitierten j\u00fcngst <b>sieben Mitarbeiterinnen des Eschweger Pflegedienstes \u201ePflege mit Herz\u201c<\/b>, von Januar bis M\u00e4rz und sind seitdem rauchfrei.<\/p>\n<p><b>Ein Bericht der Teilnehmerinnen:<br \/>\n<\/b><\/p>\n<figure id=\"attachment_535\" class=\"wp-caption alignleft\" style=\"max-width: 300px\"><a href=\"https:\/\/suchtpraevention-eschwege.de\/wp-content\/uploads\/2013\/04\/Ex-Raucher-PmH.jpg\"><img loading=\"lazy\" decoding=\"async\" class=\"size-medium wp-image-535 \" alt=\"Teilnehmer von Pflege mit Herz Constanze Hans, Selvja Betja, Nora Hoppert, Carina Brandl, Heike Jacubaschke, Ilona Sch\u00e4diger\" src=\"https:\/\/suchtpraevention-eschwege.de\/wp-content\/uploads\/2013\/04\/Ex-Raucher-PmH-300x224.jpg\" width=\"300\" height=\"224\" srcset=\"https:\/\/suchtpraevention-eschwege.de\/wp-content\/uploads\/2013\/04\/Ex-Raucher-PmH-300x224.jpg 300w, https:\/\/suchtpraevention-eschwege.de\/wp-content\/uploads\/2013\/04\/Ex-Raucher-PmH.jpg 979w\" sizes=\"auto, (max-width: 300px) 100vw, 300px\" \/><\/a><figcaption class=\"wp-caption-text\">Teilnehmer von Pflege mit Herz<br \/>Constanze Hans, Selvja Betja, Nora Hoppert, Carina Brandl, Heike Jacubaschke, Ilona Sch\u00e4diger (es fehlt Karin Berneburg)<\/figcaption><\/figure>\n<p>\u201eIn mehreren Gespr\u00e4chen in der Raucherecke manifestierte sich die Idee und der Wunsch mit dem Rauchen aufzuh\u00f6ren. Sieben Kolleginnen hatten den Wunsch mit dem Rauchen aufzuh\u00f6ren und somit hatten wir die Mindestzahl f\u00fcr eine betriebliche Raucherentw\u00f6hnung erreicht.<br \/>\nDa unsere Pflegedienstleitung das Vorhaben unterst\u00fctzte, wurde der Dienstplan den 7 Terminen angepasst. Am 24.Januar begann w\u00f6chentlich in den R\u00e4umen des Pflegedienstes in Begleitung von Frau Berleth und Herrn Nolte die Vorbereitungsphase f\u00fcr den Rauchstopp.<br \/>\nAm 17.2. war der gemeinsam festgelegte Rauchstopp. Ab diesem Tag war die Raucherecke vor dem B\u00fcro passe.<br \/>\nIn der ersten schwierigen Phase bauten wir uns immer wieder gegenseitig auf und unterst\u00fctzten uns mit einfachen Gesten wie:\u00a0 \u201eWie geht es dir heute?\u201c, Tipps mit denen man selbst gute Erfahrungen gemacht hat und Motivation sowie Anteilnahme an dem anderen. Das restliche Team stand uns unterst\u00fctzend und motivierend zur Seite.<br \/>\nNun sind wir schon zwei Monate rauchfrei und sind sehr stolz darauf weil sich unsere Lebenssituation und \u2013qualit\u00e4t ganzheitliche zum Positiven ver\u00e4ndert hat.\u201c<\/p>\n<p>Die Kursgeb\u00fchr betr\u00e4gt 150 Euro. Die meisten Krankenkassen erstatten unter bestimmten Umst\u00e4nden bis zu 80% der Kosten. Weitere Informationen und Anmeldungen telefonisch unter 05651\/3394296<\/p>\n<p>Die Veranstaltungen werden in Kooperation mit dem \u00c4rztenetz Werra-Mei\u00dfner-Kreis e.V. und der Abteilung Pneumologie Dr. med. Joachim Stumpner des HKZ Rotenburg von der Fachstelle f\u00fcr Suchthilfe und Pr\u00e4vention des Diakonischen Werkes Eschwege-Witzenhausen durchgef\u00fchrt.<\/p>\n","protected":false},"excerpt":{"rendered":"<p>Immer weniger Frauen und M\u00e4nner greifen zur Zigarette. \u201eRauchfrei\u201c werden ist f\u00fcr viele das angestrebte Ziel. Etwa jeder dritte Raucher will in absehbarer Zeit endg\u00fcltig mit dem Rauchen Schluss machen. Daher bietet die Fachstelle zwei neue Kurse zur Raucherentw\u00f6hnung an. Die Kurse sind eine Anleitung zur verhaltenstherapeutischen \u00c4nderung des Rauchverhaltens. In wissenschaftlichen Untersuchungen weisen sie [&hellip;]<\/p>\n","protected":false},"author":6,"featured_media":535,"comment_status":"closed","ping_status":"closed","sticky":false,"template":"","format":"standard","meta":{"footnotes":""},"categories":[1],"tags":[],"class_list":["post-533","post","type-post","status-publish","format-standard","has-post-thumbnail","hentry","category-allgemein"],"_links":{"self":[{"href":"https:\/\/suchtpraevention-eschwege.de\/index.php?rest_route=\/wp\/v2\/posts\/533","targetHints":{"allow":["GET"]}}],"collection":[{"href":"https:\/\/suchtpraevention-eschwege.de\/index.php?rest_route=\/wp\/v2\/posts"}],"about":[{"href":"https:\/\/suchtpraevention-eschwege.de\/index.php?rest_route=\/wp\/v2\/types\/post"}],"author":[{"embeddable":true,"href":"https:\/\/suchtpraevention-eschwege.de\/index.php?rest_route=\/wp\/v2\/users\/6"}],"replies":[{"embeddable":true,"href":"https:\/\/suchtpraevention-eschwege.de\/index.php?rest_route=%2Fwp%2Fv2%2Fcomments&post=533"}],"version-history":[{"count":9,"href":"https:\/\/suchtpraevention-eschwege.de\/index.php?rest_route=\/wp\/v2\/posts\/533\/revisions"}],"predecessor-version":[{"id":542,"href":"https:\/\/suchtpraevention-eschwege.de\/index.php?rest_route=\/wp\/v2\/posts\/533\/revisions\/542"}],"wp:featuredmedia":[{"embeddable":true,"href":"https:\/\/suchtpraevention-eschwege.de\/index.php?rest_route=\/wp\/v2\/media\/535"}],"wp:attachment":[{"href":"https:\/\/suchtpraevention-eschwege.de\/index.php?rest_route=%2Fwp%2Fv2%2Fmedia&parent=533"}],"wp:term":[{"taxonomy":"category","embeddable":true,"href":"https:\/\/suchtpraevention-eschwege.de\/index.php?rest_route=%2Fwp%2Fv2%2Fcategories&post=533"},{"taxonomy":"post_tag","embeddable":true,"href":"https:\/\/suchtpraevention-eschwege.de\/index.php?rest_route=%2Fwp%2Fv2%2Ftags&post=533"}],"curies":[{"name":"wp","href":"https:\/\/api.w.org\/{rel}","templated":true}]}}