{"id":669,"date":"2013-05-29T14:21:41","date_gmt":"2013-05-29T12:21:41","guid":{"rendered":"http:\/\/suchtpraevention-eschwege.de\/?p=669"},"modified":"2013-05-29T15:36:10","modified_gmt":"2013-05-29T13:36:10","slug":"wie-viele-15jahrige-trinken-ein-mal-in-der-woche-alkohol","status":"publish","type":"post","link":"https:\/\/suchtpraevention-eschwege.de\/?p=669","title":{"rendered":"Wie viele 15j\u00e4hrige trinken ein Mal in der Woche Alkohol?"},"content":{"rendered":"<p>Mit Informationsst\u00e4nden und \u00d6ffentlichkeitsaktionen wurde heute die hessische Bev\u00f6lkerung an 13 verschiedenen Standorten auf die Problematik des riskanten Alkoholkonsums bei Kindern und Jugendlichen hingewiesen. <!--more--><\/p>\n<figure id=\"attachment_676\" class=\"wp-caption alignleft\" style=\"max-width: 331px\"><a href=\"https:\/\/suchtpraevention-eschwege.de\/wp-content\/uploads\/2013\/05\/HaLT_Lars-Winter.jpg\"><img loading=\"lazy\" decoding=\"async\" class=\" wp-image-676   \" style=\"margin-top: 10px; margin-bottom: 10px;\" alt=\"HaLT_Lars Winter\" src=\"https:\/\/suchtpraevention-eschwege.de\/wp-content\/uploads\/2013\/05\/HaLT_Lars-Winter-300x199.jpg\" width=\"331\" height=\"222\" \/><\/a><figcaption class=\"wp-caption-text\">(v.li.) Markus Keller (Diakonisches Werk), Lena Behringer, Harald Nolte, Tabea Bosch (alle Fachstelle Suchtpr\u00e4vention), Sascha Schwendt (AOK), Matthias Kullik, Lukas Buschbaum (beide BKK) und Schirmherr, Landrat Stefan Reu\u00df. Foto: Lars Winter\/Marktspiegel<\/figcaption><\/figure>\n<p>&nbsp;<\/p>\n<p>Im Gespr\u00e4ch mit den Fachleuten vor Ort, sowie durch ein Quizspiel mit Verlosung und Preisgewinn, wurden Jugendliche und Erwachsene f\u00fcr das Thema sensibilisiert sowie auf die regionalen Beratungsangebote aufmerksam gemacht. So konnten Eltern und Gro\u00dfeltern erfahren, wie sie Jugendliche unterst\u00fctzen k\u00f6nnen, verantwortungsbewusst mit Alkohol umzugehen oder wie sie reagieren sollen, wenn sich ihr Sohn\/ihre Tochter an Alkoholexzessen beteiligt hat.<\/p>\n<p>Um 13 Uhr hat der Landrat, Stefan Reu\u00df, als Schirmherr die Gewinner des Quizspiels gezogen. Die Gewinnerin des 1. Platzes darf sich \u00fcber 2 Freikarten f\u00fcr den <a title=\"Kletterwald Eschwege\" href=\"http:\/\/www.kletterwald-leuchtberg.de\/\" target=\"_blank\">Kletterwald Eschwege<\/a> freuen. Alle Gewinner werden in den n\u00e4chsten Tagen benachrichtigt.<br \/>\n<strong>Die richtige Antwortet lautet \u00fcbrings: 20% der 15j\u00e4hrigen Jugendlichen trinken bereits ein Mal in der Woche Alkohol.<\/strong><br \/>\nIm Jahr 2011 wurden wiederum insgesamt 2002 Kinder und Jugendliche (bis 21 Jahre) mit einer Alkoholvergiftung in hessische Krankenh\u00e4user eingewiesen.<\/p>\n<p>___________________________________________________________________<\/p>\n<p>Der Aktionsstand wurde vertreten durch die Fachstelle f\u00fcr Suchtpr\u00e4vention des Diakonischen Werkes, sowie der Aktion \u201eBOB \u2013 Fahren ohne Alkohol\u201c vertreten durch Mitarbeiter der Gesundheitskassen BKK und AOK.<\/p>\n<p>___________________________________________________________________<\/p>\n<p>Mehr Informationen zum HaLT-Projekt finden Sie <a title=\"HaLT Projekt \u2013 Alkoholpr\u00e4vention bei Kindern und Jugendlichen\" href=\"https:\/\/suchtpraevention-eschwege.de\/halt-projekt-alkoholpravention-bei-kindern-und-jugendlichen\/\" target=\"_blank\">hier<\/a>.<\/p>\n","protected":false},"excerpt":{"rendered":"<p>Mit Informationsst\u00e4nden und \u00d6ffentlichkeitsaktionen wurde heute die hessische Bev\u00f6lkerung an 13 verschiedenen Standorten auf die Problematik des riskanten Alkoholkonsums bei Kindern und Jugendlichen hingewiesen.<\/p>\n","protected":false},"author":9,"featured_media":676,"comment_status":"closed","ping_status":"closed","sticky":false,"template":"","format":"standard","meta":{"footnotes":""},"categories":[1],"tags":[],"class_list":["post-669","post","type-post","status-publish","format-standard","has-post-thumbnail","hentry","category-allgemein"],"_links":{"self":[{"href":"https:\/\/suchtpraevention-eschwege.de\/index.php?rest_route=\/wp\/v2\/posts\/669","targetHints":{"allow":["GET"]}}],"collection":[{"href":"https:\/\/suchtpraevention-eschwege.de\/index.php?rest_route=\/wp\/v2\/posts"}],"about":[{"href":"https:\/\/suchtpraevention-eschwege.de\/index.php?rest_route=\/wp\/v2\/types\/post"}],"author":[{"embeddable":true,"href":"https:\/\/suchtpraevention-eschwege.de\/index.php?rest_route=\/wp\/v2\/users\/9"}],"replies":[{"embeddable":true,"href":"https:\/\/suchtpraevention-eschwege.de\/index.php?rest_route=%2Fwp%2Fv2%2Fcomments&post=669"}],"version-history":[{"count":8,"href":"https:\/\/suchtpraevention-eschwege.de\/index.php?rest_route=\/wp\/v2\/posts\/669\/revisions"}],"predecessor-version":[{"id":672,"href":"https:\/\/suchtpraevention-eschwege.de\/index.php?rest_route=\/wp\/v2\/posts\/669\/revisions\/672"}],"wp:featuredmedia":[{"embeddable":true,"href":"https:\/\/suchtpraevention-eschwege.de\/index.php?rest_route=\/wp\/v2\/media\/676"}],"wp:attachment":[{"href":"https:\/\/suchtpraevention-eschwege.de\/index.php?rest_route=%2Fwp%2Fv2%2Fmedia&parent=669"}],"wp:term":[{"taxonomy":"category","embeddable":true,"href":"https:\/\/suchtpraevention-eschwege.de\/index.php?rest_route=%2Fwp%2Fv2%2Fcategories&post=669"},{"taxonomy":"post_tag","embeddable":true,"href":"https:\/\/suchtpraevention-eschwege.de\/index.php?rest_route=%2Fwp%2Fv2%2Ftags&post=669"}],"curies":[{"name":"wp","href":"https:\/\/api.w.org\/{rel}","templated":true}]}}