{"id":842,"date":"2013-08-19T13:39:06","date_gmt":"2013-08-19T11:39:06","guid":{"rendered":"http:\/\/suchtpraevention-eschwege.de\/?p=842"},"modified":"2013-08-19T13:46:03","modified_gmt":"2013-08-19T11:46:03","slug":"auch-ohne-alkohol-voll-dabei-praeventionsstand-auf-erntefest-in-bsa","status":"publish","type":"post","link":"https:\/\/suchtpraevention-eschwege.de\/?p=842","title":{"rendered":"&#8222;Auch ohne Alkohol voll dabei!&#8220; in BSA"},"content":{"rendered":"<p>Auch dieses Jahr wurden wieder B\u00e4ndchen an jeweils 2 Tagen unter Vorlage des Ausweises direkt auf dem Erntefest in Bad Sooden-Allendorf an Jugendliche verteilt. Sogar viele Erwachsene wollten dieses begehrte in rot-blau gehaltene B\u00e4ndchen erwerben<!--more--> und das Projekt unterst\u00fctzen, wof\u00fcr die Erwachsenen auch eine kleine Spende f\u00fcr die Arbeit des Netzwerkes Jugendliche in BSA gaben.<\/p>\n<figure id=\"attachment_846\" class=\"wp-caption alignnone\" style=\"max-width: 300px\"><a href=\"https:\/\/suchtpraevention-eschwege.de\/wp-content\/uploads\/2013\/08\/PICT0243.jpg\"><img loading=\"lazy\" decoding=\"async\" class=\" wp-image-846\" alt=\"DIGITAL CAMERA\" src=\"https:\/\/suchtpraevention-eschwege.de\/wp-content\/uploads\/2013\/08\/PICT0243-300x225.jpg\" width=\"300\" height=\"225\" srcset=\"https:\/\/suchtpraevention-eschwege.de\/wp-content\/uploads\/2013\/08\/PICT0243-300x225.jpg 300w, https:\/\/suchtpraevention-eschwege.de\/wp-content\/uploads\/2013\/08\/PICT0243-1024x768.jpg 1024w, https:\/\/suchtpraevention-eschwege.de\/wp-content\/uploads\/2013\/08\/PICT0243.jpg 1280w\" sizes=\"auto, (max-width: 300px) 100vw, 300px\" \/><\/a><figcaption class=\"wp-caption-text\">v.l.: Andrea Lux (Jugendf\u00f6rderung BSA), Jennifer Thomas (Fachstelle f\u00fcr Suchtpr\u00e4vention), Christine Behringer (Jugendamt)<\/figcaption><\/figure>\n<p>Der Runde Tisch Netzwerk Jugendliche in Bad Sooden-Allendorf und die Fachstelle f\u00fcr Suchtpr\u00e4vention des Diakonischen Werkes Eschwege\/Witzenhausen, sowie die Stadt Bad Sooden-Allendorf und der Erntefestausschuss wollten einen verantwortungsvollen und genussvollen Umgang mit Alkohol bei Jugendlichen und Erwachsenen auf dem Erntefest in Bad Sooden-Allendorf f\u00f6rdern. Darunter wird verstanden:<\/p>\n<ul>\n<li><b>Einhaltung des Jugendschutzgesetz (JuSchG)<\/b><\/li>\n<li><b>Angebot attraktiver, alkoholfreier Getr\u00e4nke<\/b><\/li>\n<li><b>Erwachsene \u00fcbernehmen Verantwortung und sind Vorbild<\/b><\/li>\n<\/ul>\n<p><a href=\"https:\/\/suchtpraevention-eschwege.de\/wp-content\/uploads\/2013\/08\/Prinzenpaar2.jpg\"><img loading=\"lazy\" decoding=\"async\" class=\"alignnone size-medium wp-image-844\" alt=\"Prinzenpaar2\" src=\"https:\/\/suchtpraevention-eschwege.de\/wp-content\/uploads\/2013\/08\/Prinzenpaar2-300x225.jpg\" width=\"300\" height=\"225\" srcset=\"https:\/\/suchtpraevention-eschwege.de\/wp-content\/uploads\/2013\/08\/Prinzenpaar2-300x225.jpg 300w, https:\/\/suchtpraevention-eschwege.de\/wp-content\/uploads\/2013\/08\/Prinzenpaar2-1024x768.jpg 1024w, https:\/\/suchtpraevention-eschwege.de\/wp-content\/uploads\/2013\/08\/Prinzenpaar2.jpg 1824w\" sizes=\"auto, (max-width: 300px) 100vw, 300px\" \/><\/a><\/p>\n<p>Das Prinzenpaar, Amelie Sophie Wolf (Ehrendame) und Toni Neuenroth (Erntekranztr\u00e4ger) unterst\u00fctzten das Anliegen des Runden Tisches als Paten f\u00fcr die Altersb\u00e4ndchen: \u201eAuch ohne Alkohol voll dabei!\u201c<\/p>\n<p><a href=\"https:\/\/suchtpraevention-eschwege.de\/wp-content\/uploads\/2013\/08\/PICT0236.jpg\"><img loading=\"lazy\" decoding=\"async\" class=\"alignnone size-medium wp-image-845\" alt=\"DIGITAL CAMERA\" src=\"https:\/\/suchtpraevention-eschwege.de\/wp-content\/uploads\/2013\/08\/PICT0236-300x225.jpg\" width=\"300\" height=\"225\" srcset=\"https:\/\/suchtpraevention-eschwege.de\/wp-content\/uploads\/2013\/08\/PICT0236-300x225.jpg 300w, https:\/\/suchtpraevention-eschwege.de\/wp-content\/uploads\/2013\/08\/PICT0236-1024x768.jpg 1024w, https:\/\/suchtpraevention-eschwege.de\/wp-content\/uploads\/2013\/08\/PICT0236.jpg 1280w\" sizes=\"auto, (max-width: 300px) 100vw, 300px\" \/><\/a><\/p>\n<p>Neu war dieses Jahr, dass die <a title=\"JuiceBox \u2013 Mobile alkoholfreie Cocktailbar\" href=\"www.juice-box.eu\/\" target=\"_blank\"><strong>JuiceBox \u2013 die mobile alkoholfreie Cocktailbar der Fachstelle f\u00fcr Suchtpr\u00e4vention<\/strong><\/a> mit auf dem Erntefest dabei war. So konnten sich viele Besucher sich an leckeren Alternativen zum Bier erfreuen.<\/p>\n<p>Die Initiatoren freuen sich in Bad Sooden-Allendorf eine \u201esch\u00f6ne Fest- und Trinkkultur\u201c in Gang gebracht zu haben und wollen auch im n\u00e4chsten Jahr wieder vor Ort sein, wenn es wieder hei\u00dft: \u201eKein Band, kein Alkohol auf dem Erntefest 2014\u201c.<\/p>\n<p>Bad Sooden-Allendorf, 19. August 2013,<\/p>\n<p>Der Runde Tisch Netzwerk Jugendliche in Bad Sooden-Allendorf<\/p>\n","protected":false},"excerpt":{"rendered":"<p>Auch dieses Jahr wurden wieder B\u00e4ndchen an jeweils 2 Tagen unter Vorlage des Ausweises direkt auf dem Erntefest in Bad Sooden-Allendorf an Jugendliche verteilt. Sogar viele Erwachsene wollten dieses begehrte in rot-blau gehaltene B\u00e4ndchen erwerben<\/p>\n","protected":false},"author":9,"featured_media":844,"comment_status":"closed","ping_status":"closed","sticky":false,"template":"","format":"standard","meta":{"footnotes":""},"categories":[1],"tags":[],"class_list":["post-842","post","type-post","status-publish","format-standard","has-post-thumbnail","hentry","category-allgemein"],"_links":{"self":[{"href":"https:\/\/suchtpraevention-eschwege.de\/index.php?rest_route=\/wp\/v2\/posts\/842","targetHints":{"allow":["GET"]}}],"collection":[{"href":"https:\/\/suchtpraevention-eschwege.de\/index.php?rest_route=\/wp\/v2\/posts"}],"about":[{"href":"https:\/\/suchtpraevention-eschwege.de\/index.php?rest_route=\/wp\/v2\/types\/post"}],"author":[{"embeddable":true,"href":"https:\/\/suchtpraevention-eschwege.de\/index.php?rest_route=\/wp\/v2\/users\/9"}],"replies":[{"embeddable":true,"href":"https:\/\/suchtpraevention-eschwege.de\/index.php?rest_route=%2Fwp%2Fv2%2Fcomments&post=842"}],"version-history":[{"count":5,"href":"https:\/\/suchtpraevention-eschwege.de\/index.php?rest_route=\/wp\/v2\/posts\/842\/revisions"}],"predecessor-version":[{"id":851,"href":"https:\/\/suchtpraevention-eschwege.de\/index.php?rest_route=\/wp\/v2\/posts\/842\/revisions\/851"}],"wp:featuredmedia":[{"embeddable":true,"href":"https:\/\/suchtpraevention-eschwege.de\/index.php?rest_route=\/wp\/v2\/media\/844"}],"wp:attachment":[{"href":"https:\/\/suchtpraevention-eschwege.de\/index.php?rest_route=%2Fwp%2Fv2%2Fmedia&parent=842"}],"wp:term":[{"taxonomy":"category","embeddable":true,"href":"https:\/\/suchtpraevention-eschwege.de\/index.php?rest_route=%2Fwp%2Fv2%2Fcategories&post=842"},{"taxonomy":"post_tag","embeddable":true,"href":"https:\/\/suchtpraevention-eschwege.de\/index.php?rest_route=%2Fwp%2Fv2%2Ftags&post=842"}],"curies":[{"name":"wp","href":"https:\/\/api.w.org\/{rel}","templated":true}]}}