{"id":951,"date":"2013-10-17T11:44:15","date_gmt":"2013-10-17T09:44:15","guid":{"rendered":"http:\/\/suchtpraevention-eschwege.de\/?p=951"},"modified":"2013-11-14T12:47:57","modified_gmt":"2013-11-14T10:47:57","slug":"kreisweites-guetesiegel-wir-sind-nachfrager","status":"publish","type":"post","link":"https:\/\/suchtpraevention-eschwege.de\/?p=951","title":{"rendered":"Kreisweites G\u00fctesiegel &#8222;Wir sind Nachfrager&#8220;"},"content":{"rendered":"<p>Erfolgreiche Auftaktveranstaltung des kreisweiten G\u00fctesiegels &#8222;Wir sind Nachfrager&#8220; am <b>Mittwoch, den 06. November 2013, <\/b>bei der die ersten G\u00fctesiegelpartner zertifiziert wurden.<b><br \/>\n<\/b><\/p>\n<p>\u201e<b>Wir sind Nachfrager\u201c<\/b> ist eine Gemeinschaftsaktion, um unsere Kinder und Jugendliche vor gesundheitlichen Risiken und Alkoholmissbrauch zu sch\u00fctzen. Sie lebt davon, dass m\u00f6glichst viele aktiv und engagiert mitmachen.<!--more--><\/p>\n<p><strong>Die Initiatoren:<\/strong><\/p>\n<figure id=\"attachment_963\" class=\"wp-caption alignnone\" style=\"max-width: 3482px\"><a href=\"https:\/\/suchtpraevention-eschwege.de\/wp-content\/uploads\/2013\/10\/Pressekonferenz-G\u00fctesiegel-01.11.2013.jpg\"><img loading=\"lazy\" decoding=\"async\" class=\" wp-image-963\" alt=\"Pressekonferenz G\u00fctesiegel 01.11.2013\" src=\"https:\/\/suchtpraevention-eschwege.de\/wp-content\/uploads\/2013\/10\/Pressekonferenz-G\u00fctesiegel-01.11.2013.jpg\" width=\"3482\" height=\"2106\" \/><\/a><figcaption class=\"wp-caption-text\">(v.l.): Rigobert Gassmann (Vertreter des Arbeitskreises Kommunale Jugendarbeit), Armin Bahl (Kreisjugendf\u00f6rderung des WMK), Klaus Herwig (AOK), Harald Nolte (Fachstelle f\u00fcr Suchtpr\u00e4vention), Markus Keller (Diakoniepfarrer), Tabea Bosch (Fachstelle f\u00fcr Suchtpr\u00e4vention, HaLT-Projekt), Ilona Friedrich (Leitung Jugendf\u00f6rderung), Jennifer Thomas (Fachstelle f\u00fcr Suchtpr\u00e4vention)<\/figcaption><\/figure>\n<p><strong>Pressestimmen:<\/strong><\/p>\n<p><strong>Am 01. November 2013 wurde das G\u00fctesiegel \u201cWir sind Nachfrager\u201d in der Presse vorgestellt:<\/strong><\/p>\n<p><a title=\"WR 01.11.13\" href=\"http:\/\/www.werra-rundschau.de\/lokales\/eschwege\/deutschland-einmalig-3197520.html\" target=\"_blank\">Werra Rundschau 01.11.2013<\/a><\/p>\n<p><a title=\"Extra Tipp 3.11.13\" href=\"http:\/\/lokalo24.de\/news\/wir-sind-nachfrager\/74394\/\" target=\"_blank\">Extra Tipp\/Marktspiegel 03.11.2013<\/a><\/p>\n<p><strong>Am 06. November 2013 war die Auftaktveranstaltung des G\u00fctesiegels \u201cWir sind Nachfrager\u201d:<\/strong><\/p>\n<p><a title=\"Nachfrager Marktspiegel 07.11.13\" href=\"http:\/\/lokalo24.de\/news\/sindsie-nachfrager\/76335\/\" target=\"_blank\">Marktspiegel 07.11.2013<\/a><\/p>\n<p><a title=\"WR 11.11.13\" href=\"http:\/\/www.werra-rundschau.de\/lokales\/eschwege\/verkauf-nachfragen-3214847.html\" target=\"_blank\">Werra Rundschau 11.11.2013<\/a><\/p>\n<p>_________________________________________________________________<\/p>\n<p><strong>Die ersten G\u00fctesiegelpartner wurden am 06. November 2013 zertifiziert:<\/strong><\/p>\n<figure id=\"attachment_973\" class=\"wp-caption alignnone\" style=\"max-width: 5184px\"><a href=\"https:\/\/suchtpraevention-eschwege.de\/wp-content\/uploads\/2013\/10\/Auftakt-G\u00fctesiegel-06.11.13.jpg\"><img loading=\"lazy\" decoding=\"async\" class=\" wp-image-973\" alt=\"Auftakt G\u00fctesiegel 06.11.13\" src=\"https:\/\/suchtpraevention-eschwege.de\/wp-content\/uploads\/2013\/10\/Auftakt-G\u00fctesiegel-06.11.13.jpg\" width=\"5184\" height=\"3456\" \/><\/a><figcaption class=\"wp-caption-text\">Landrat Stefan\u2008Reu\u00df (li.) und AOK-Chef Klaus Herwig (re.) mit den ersten f\u00fcnf G\u00fctesiegelpartnern (v.li.): Nobert Woltmann und Kai Zerweck (beide Come Together\u2008Festival, Witzenhausen), Michael Heizmann (Inhaber der Honsel-Tankstellen in Grebendorf und Reichensachsen), Peter Eberhardt (Skiclub Mei\u00dfner, 1. Vorsitzender), Daniel H\u00fchmer (Filialleiter L\u00e4dchen f\u00fcr Alles, tegut Stellenwert GmbH) sowie Rolf Eckhardt (Gesch\u00e4ftsf\u00fchrer tegut Stellenwert GmbH). Foto: Sonja Liese<\/figcaption><\/figure>\n<p>&nbsp;<\/p>\n<p>_________________________________________________________________<\/p>\n<p><a href=\"https:\/\/suchtpraevention-eschwege.de\/wp-content\/uploads\/2013\/10\/WSN-Logo.jpg\"><img loading=\"lazy\" decoding=\"async\" class=\" wp-image-954 alignleft\" alt=\"WSN-Logo\" src=\"https:\/\/suchtpraevention-eschwege.de\/wp-content\/uploads\/2013\/10\/WSN-Logo-300x200.jpg\" width=\"180\" height=\"120\" srcset=\"https:\/\/suchtpraevention-eschwege.de\/wp-content\/uploads\/2013\/10\/WSN-Logo-300x200.jpg 300w, https:\/\/suchtpraevention-eschwege.de\/wp-content\/uploads\/2013\/10\/WSN-Logo.jpg 908w\" sizes=\"auto, (max-width: 180px) 100vw, 180px\" \/><\/a>Mit dem Projekt \u201eG\u00fctesiegel \u2013 aktiver Kinder- und Jugendschutz\u201c wollen wir zeigen, dass <b>Jugendschutz mehr sein kann<\/b>, als die gesetzlichen Bestimmungen umzusetzen: Ziel ist es, unter jungen Menschen einen <b>verantwortungsvollen Umgang mit Alkohol zu f\u00f6rdern<\/b>. Wir als Erwachsene sind dabei nat\u00fcrlich Vorbild und richten unser Ziel, gemeinsam mit unseren G\u00fctesiegel-Partnern, darauf, unsere <b>Kinder und Jugendliche zu sch\u00fctzen<\/b>.<\/p>\n<p><strong>Konkret hei\u00dft dies:<\/strong><\/p>\n<ul>\n<li>Dass all diejenigen, die Alkohol verkaufen\/abgeben, das <b>Jugendschutzgesetz einhalten<\/b> und f\u00fcr einen bewussten Umgang mit Alkohol <b>sensibilisiert<\/b> werden<\/li>\n<li>Jugendlichen den Zugang zur Einstiegsdroge Nr. 1 zu erschweren<\/li>\n<li>Mit dem freiwilligen Erwerb des \u201eG\u00fctesiegels\u201c <b>soziale Verantwortung zu \u00fcbernehmen<\/b> und damit ein <b>klares Zeichen gegen den missbr\u00e4uchlichen Alkoholkonsum<\/b> bei Jugendlichen zu setzen<\/li>\n<\/ul>\n<p align=\"left\"><strong>\u00a0G\u00fctesiegel-Partner:<\/strong><\/p>\n<p>Die G\u00fctesiegel werden an Vereine und Verb\u00e4nde, Fest-Veranstalter, Gastst\u00e4tten und Diskotheken, Lebensmittelh\u00e4ndler und Tankstellen &#8211; unsere G\u00fctesiegelpartner &#8211; \u00fcberreicht. Sie verpflichten sich, eine bestimmte Anzahl von Kriterien zur Alkoholmissbrauchspr\u00e4vention einzuhalten und damit Ihren <b>Betrieb\/Verein jugendgerechter und sicherer zu gestalten<\/b>. Dies kommt sowohl den G\u00fctesiegelpartnern, als auch ihren Besuchern, Kunden bzw. Mitgliedern zu Gute. Au\u00dferdem k\u00f6nnen sie das mit dem G\u00fctesiegel verbundene <b>positive Image in der \u00d6ffentlichkeit<\/b> nutzen.<\/p>\n<p>Mehr erfahren sie <a href=\"http:\/\/www.wir-sind-nachfrager.de\/\" target=\"_blank\">&gt;&gt;hier<\/a><\/p>\n<p>_________________________________________________________________<\/p>\n<p><a href=\"https:\/\/suchtpraevention-eschwege.de\/wp-content\/uploads\/2013\/10\/WSN-Logo.jpg\"><img loading=\"lazy\" decoding=\"async\" class=\" wp-image-954 alignleft\" alt=\"WSN-Logo\" src=\"https:\/\/suchtpraevention-eschwege.de\/wp-content\/uploads\/2013\/10\/WSN-Logo-300x200.jpg\" width=\"300\" height=\"200\" srcset=\"https:\/\/suchtpraevention-eschwege.de\/wp-content\/uploads\/2013\/10\/WSN-Logo-300x200.jpg 300w, https:\/\/suchtpraevention-eschwege.de\/wp-content\/uploads\/2013\/10\/WSN-Logo.jpg 908w\" sizes=\"auto, (max-width: 300px) 100vw, 300px\" \/><\/a>ist ein Projekt des Arbeitskreises G\u00fctesiegel \u2013 Aktiver Kinder- und Jugendschutz im Werra-Mei\u00dfner. Im Arbeitskreis sind die Jugendf\u00f6rderung des Werra-Mei\u00dfner-Kreises, die Fachstelle f\u00fcr Suchtpr\u00e4vention &#8211; Projekt: \u201eHaLt \u2013 Hart am Limit\u201c &#8211; sowie der Arbeitskreis Kommunale Jugendarbeit durch die Jugendf\u00f6rderung der Kreisstadt Eschwege vertreten.<\/p>\n<p>Die <a href=\"http:\/\/www.businesswerbung.de\/\" target=\"_blank\">Fa. Business Werbung GmbH<\/a> aus Kassel hat im Auftrag des Arbeitskreises eine Kommunikationsstrategie entwickelt und eine Kampagne konzipiert:<\/p>\n<div><\/div>\n<div><\/div>\n","protected":false},"excerpt":{"rendered":"<p>Erfolgreiche Auftaktveranstaltung des kreisweiten G\u00fctesiegels &#8222;Wir sind Nachfrager&#8220; am Mittwoch, den 06. November 2013, bei der die ersten G\u00fctesiegelpartner zertifiziert wurden. \u201eWir sind Nachfrager\u201c ist eine Gemeinschaftsaktion, um unsere Kinder und Jugendliche vor gesundheitlichen Risiken und Alkoholmissbrauch zu sch\u00fctzen. Sie lebt davon, dass m\u00f6glichst viele aktiv und engagiert mitmachen.<\/p>\n","protected":false},"author":9,"featured_media":973,"comment_status":"closed","ping_status":"closed","sticky":false,"template":"","format":"standard","meta":{"footnotes":""},"categories":[11,1,19],"tags":[],"class_list":["post-951","post","type-post","status-publish","format-standard","has-post-thumbnail","hentry","category-alkoholpravention","category-allgemein","category-halt-hart-am-limit"],"_links":{"self":[{"href":"https:\/\/suchtpraevention-eschwege.de\/index.php?rest_route=\/wp\/v2\/posts\/951","targetHints":{"allow":["GET"]}}],"collection":[{"href":"https:\/\/suchtpraevention-eschwege.de\/index.php?rest_route=\/wp\/v2\/posts"}],"about":[{"href":"https:\/\/suchtpraevention-eschwege.de\/index.php?rest_route=\/wp\/v2\/types\/post"}],"author":[{"embeddable":true,"href":"https:\/\/suchtpraevention-eschwege.de\/index.php?rest_route=\/wp\/v2\/users\/9"}],"replies":[{"embeddable":true,"href":"https:\/\/suchtpraevention-eschwege.de\/index.php?rest_route=%2Fwp%2Fv2%2Fcomments&post=951"}],"version-history":[{"count":16,"href":"https:\/\/suchtpraevention-eschwege.de\/index.php?rest_route=\/wp\/v2\/posts\/951\/revisions"}],"predecessor-version":[{"id":984,"href":"https:\/\/suchtpraevention-eschwege.de\/index.php?rest_route=\/wp\/v2\/posts\/951\/revisions\/984"}],"wp:featuredmedia":[{"embeddable":true,"href":"https:\/\/suchtpraevention-eschwege.de\/index.php?rest_route=\/wp\/v2\/media\/973"}],"wp:attachment":[{"href":"https:\/\/suchtpraevention-eschwege.de\/index.php?rest_route=%2Fwp%2Fv2%2Fmedia&parent=951"}],"wp:term":[{"taxonomy":"category","embeddable":true,"href":"https:\/\/suchtpraevention-eschwege.de\/index.php?rest_route=%2Fwp%2Fv2%2Fcategories&post=951"},{"taxonomy":"post_tag","embeddable":true,"href":"https:\/\/suchtpraevention-eschwege.de\/index.php?rest_route=%2Fwp%2Fv2%2Ftags&post=951"}],"curies":[{"name":"wp","href":"https:\/\/api.w.org\/{rel}","templated":true}]}}